{"id":6190,"date":"2012-05-24T13:50:10","date_gmt":"2012-05-24T12:50:10","guid":{"rendered":"http:\/\/vaeter-und-karriere.de\/blog\/?p=6190"},"modified":"2012-05-24T13:50:10","modified_gmt":"2012-05-24T12:50:10","slug":"travail-suisse-fordert-4-wochen-vaterschaftsurlaub-fur-alle-vater-in-der-schweiz","status":"publish","type":"post","link":"https:\/\/vaeter-und-karriere.de\/blog\/index.php\/2012\/05\/24\/travail-suisse-fordert-4-wochen-vaterschaftsurlaub-fur-alle-vater-in-der-schweiz\/","title":{"rendered":"Travail Suisse fordert 4 Wochen Vaterschaftsurlaub f\u00fcr alle V\u00e4ter in der Schweiz"},"content":{"rendered":"<p><a href=\"http:\/\/www.travailsuisse.ch\"><img loading=\"lazy\" class=\"alignright\" src=\"http:\/\/www.travailsuisse.ch\/sites\/all\/themes\/travail_suisse\/logo.png\" alt=\"\" width=\"175\" height=\"19\" \/><\/a>Travail.Suisse, der unabh\u00e4ngige Dachverband von 170&#8217;000 Arbeitnehmenden in der Schweiz, hat anl\u00e4sslich einer Medienkonferenz in Bern die Ergebnisse der j\u00e4hrlichen Umfrage zu den Elternurlauben pr\u00e4sentiert und dabei auch die Einf\u00fchrung eines \u201aVaterschaftsurlaubs gefordert. Die Nationalr\u00e4tin <a href=\"http:\/\/www.parlament.ch\/d\/suche\/seiten\/biografie.aspx?biografie_id=4109\" target=\"_blank\">Val\u00e9rie Piller Carrard<\/a> begr\u00fcndete diese Forderung folgenderma\u00dfen:<\/p>\n<p>Die Schweiz muss die Ungleichbehandlung von Mann und Frau bei der Geburt eines Kindes beseitigen. Ich schlage eine Gesetzes\u00e4nderung vor, damit die M\u00e4nner das Recht auf 20 Tage bezahlten Urlaub bekommen, um den Haushalt in Gang zu halten, die andern Kinder zu betreuen und ihre Partnerin und das Neugeborene zu begleiten. Diese L\u00f6sung soll aus Gr\u00fcnden der Gleichbehandlung auch f\u00fcr adoptionswillige Familien gelten.<\/p>\n<p>Die Idee eines Vaterschaftsurlaubs ist nicht neu. Seit 1998 hat das Parlament mehrere Vorst\u00f6sse behandelt, die die Einf\u00fchrung eines Vaterschaftsurlaubs verlangten. Allerdings ohne Erfolg. Gegenw\u00e4rtig bereitet der Bundesrat einen Bericht \u00fcber die verschiedenen Elternurlaubsmodelle vor, was die Dringlichkeit dieses Anliegens beweist. Mehr als die H\u00e4lfte aller Kantone und grossen St\u00e4dte in der Schweiz kennen f\u00fcr ihre Angestellten bereits einen &#8211; wenn auch auf 5 &#8211; 10 Tage begrenzten &#8211; Vaterschaftsurlaub. Es ist deshalb durchaus m\u00f6glich, ein Modell f\u00fcr die gesamte Bev\u00f6lkerung in der Schweiz auszuarbeiten.<\/p>\n<p>Gegenw\u00e4rtig steht nur der Mutter ein Urlaub von 14 Wochen oder 98 Tagen mit einer Entsch\u00e4digung in der H\u00f6he von 80% ihres Lohns zu. Der Vater hingegen hat nur Anspruch auf einen Tag im Rahmen der \u201e\u00fcblichen freien Tage\u201c zur Erledigung der pers\u00f6nlichen Angelegenheiten. Mein Vorschlag m\u00f6chte den V\u00e4tern mehr Zeit einr\u00e4umen, damit sie bei einer Geburt ihr Familienleben mitgestalten k\u00f6nnen.<\/p>\n<p>Gerade die Gleichbehandlung von Mann und Frau verlangt, dass die Schweiz eine ausgewogenere Regelung anl\u00e4sslich der Geburt, die das Paar betrifft, einf\u00fchrt. Der Vaterschaftsurlaub geh\u00f6rt auch zur Perspektive einer harmonischen Entwicklung der Familie, wo Vater und Mutter die Freuden und Schwierigkeiten einer Geburt teilen. Die <a href=\"http:\/\/www.travailsuisse.ch\/de\/system\/files\/PK_240512_Kosten_Vaterschaftsurlaub+2012.doc\" target=\"_blank\">Kosten<\/a> f\u00fcr diese Reform werden auf maximal 180 Millionen Franken gesch\u00e4tzt.<\/p>\n<p><a href=\"http:\/\/www.travailsuisse.ch\/de\/system\/files\/PK_240512_Text_V_Piller_Carrard.doc \" target=\"_blank\">Quelle<\/a><\/p>\n","protected":false},"excerpt":{"rendered":"<p>Travail.Suisse, der unabh\u00e4ngige Dachverband von 170&#8217;000 Arbeitnehmenden in der Schweiz, hat anl\u00e4sslich einer Medienkonferenz in Bern die Ergebnisse der j\u00e4hrlichen Umfrage zu den Elternurlauben pr\u00e4sentiert und dabei auch die Einf\u00fchrung eines \u201aVaterschaftsurlaubs gefordert. Die Nationalr\u00e4tin Val\u00e9rie Piller Carrard begr\u00fcndete diese Forderung folgenderma\u00dfen: Die Schweiz muss die Ungleichbehandlung von Mann und Frau bei der Geburt eines [&hellip;]<\/p>\n","protected":false},"author":1,"featured_media":0,"comment_status":"open","ping_status":"open","sticky":false,"template":"","format":"standard","meta":[],"categories":[43,8,2],"tags":[91],"_links":{"self":[{"href":"https:\/\/vaeter-und-karriere.de\/blog\/index.php\/wp-json\/wp\/v2\/posts\/6190"}],"collection":[{"href":"https:\/\/vaeter-und-karriere.de\/blog\/index.php\/wp-json\/wp\/v2\/posts"}],"about":[{"href":"https:\/\/vaeter-und-karriere.de\/blog\/index.php\/wp-json\/wp\/v2\/types\/post"}],"author":[{"embeddable":true,"href":"https:\/\/vaeter-und-karriere.de\/blog\/index.php\/wp-json\/wp\/v2\/users\/1"}],"replies":[{"embeddable":true,"href":"https:\/\/vaeter-und-karriere.de\/blog\/index.php\/wp-json\/wp\/v2\/comments?post=6190"}],"version-history":[{"count":1,"href":"https:\/\/vaeter-und-karriere.de\/blog\/index.php\/wp-json\/wp\/v2\/posts\/6190\/revisions"}],"predecessor-version":[{"id":6191,"href":"https:\/\/vaeter-und-karriere.de\/blog\/index.php\/wp-json\/wp\/v2\/posts\/6190\/revisions\/6191"}],"wp:attachment":[{"href":"https:\/\/vaeter-und-karriere.de\/blog\/index.php\/wp-json\/wp\/v2\/media?parent=6190"}],"wp:term":[{"taxonomy":"category","embeddable":true,"href":"https:\/\/vaeter-und-karriere.de\/blog\/index.php\/wp-json\/wp\/v2\/categories?post=6190"},{"taxonomy":"post_tag","embeddable":true,"href":"https:\/\/vaeter-und-karriere.de\/blog\/index.php\/wp-json\/wp\/v2\/tags?post=6190"}],"curies":[{"name":"wp","href":"https:\/\/api.w.org\/{rel}","templated":true}]}}