{"id":6187,"date":"2012-05-23T14:00:10","date_gmt":"2012-05-23T13:00:10","guid":{"rendered":"http:\/\/vaeter-und-karriere.de\/blog\/?p=6187"},"modified":"2012-05-24T14:05:08","modified_gmt":"2012-05-24T13:05:08","slug":"vatermonate-scheitern-haufig-am-geld","status":"publish","type":"post","link":"https:\/\/vaeter-und-karriere.de\/blog\/index.php\/2012\/05\/23\/vatermonate-scheitern-haufig-am-geld\/","title":{"rendered":"V\u00e4termonate scheitern h\u00e4ufig am Geld"},"content":{"rendered":"<p><a href=\"http:\/\/boeckler.de\/cps\/rde\/xbcr\/hbs\/impuls_grafik_2012_09_1_rdax_322x600.jpg \"><img loading=\"lazy\" class=\"alignright\" src=\"http:\/\/boeckler.de\/cps\/rde\/xbcr\/hbs\/impuls_grafik_2012_09_1_rdax_322x600.jpg \" alt=\"\" width=\"154\" height=\"288\" \/><\/a>Inzwischen sind 25 % der Elterngeld-Empf\u00e4nger V\u00e4ter. Ende 2006 betrug der M\u00e4nneranteil weniger als 4 %. Seit es das Elterngeld gibt, \u00fcbernehmen mehr V\u00e4ter die Betreuung ihrer Kleinstkinder, konstatieren Sabina Schutter und Claudia Zerle-Els\u00e4\u00dfer vom Deutschen Jugendinstitut (<a href=\"http:\/\/www.dji.de\" target=\"_blank\">DJI<\/a>) in M\u00fcnchen. Allerdings profitieren nicht alle Familien davon: Die H\u00f6he des vor der Elternzeit bezogenen Einkommens hat einen gro\u00dfen Einfluss.<\/p>\n<p>Eine aktivere Rolle von V\u00e4tern bei der Erziehung war eines der ausdr\u00fccklichen Ziele des Elterngeldes. Dazu sollen die \u201ePartnermonate&#8220; beitragen: Bei Berufst\u00e4tigen verl\u00e4ngert sich die Bezugsdauer von 12 auf 14 Monate, wenn beide Partner mindestens 2 Elternmonate in Anspruch nehmen. Trotz erster Fortschritte bestehen in Sachen Elternzeit immer noch erhebliche Unterschiede zwischen den Geschlechtern, so die DJI-Forscherinnen: Bei 79 % der m\u00e4nnlichen Empf\u00e4nger entspricht die Bezugsdauer der Mindestfrist von 2 Monaten, im Schnitt sind es 3,2 Monate. Frauen hingegen erhalten durchschnittlich 11,6 Monate Elterngeld.<\/p>\n<p>Ein Grund f\u00fcr das vergleichsweise zur\u00fcckhaltende Engagement der M\u00e4nner sind finanzielle Zw\u00e4nge: Die Sozialwissenschaftlerinnen verweisen auf eine Evaluationsstudie des Rheinisch-Westf\u00e4lischen Instituts f\u00fcr Wirtschaftsforschung von 2009. Demnach sahen 68 % der V\u00e4ter, die sich gegen die Elternzeit entschieden hatten, keine M\u00f6glichkeit, ihre Arbeitszeit zu reduzieren. 45 % von ihnen nannten finanzielle Gr\u00fcnde als Haupthindernis. Engagierte Vaterschaft und eine egalit\u00e4re Aufteilung der Kinderbetreuung, so Schutter und Zerle-Els\u00e4\u00dfer, seien also nur bei einem ausreichenden Einkommen realisierbar.<\/p>\n<p><a href=\"http:\/\/boeckler.de\/39820_39841.htm \" target=\"_blank\">Quelle<\/a><\/p>\n","protected":false},"excerpt":{"rendered":"<p>Inzwischen sind 25 % der Elterngeld-Empf\u00e4nger V\u00e4ter. Ende 2006 betrug der M\u00e4nneranteil weniger als 4 %. Seit es das Elterngeld gibt, \u00fcbernehmen mehr V\u00e4ter die Betreuung ihrer Kleinstkinder, konstatieren Sabina Schutter und Claudia Zerle-Els\u00e4\u00dfer vom Deutschen Jugendinstitut (DJI) in M\u00fcnchen. Allerdings profitieren nicht alle Familien davon: Die H\u00f6he des vor der Elternzeit bezogenen Einkommens hat [&hellip;]<\/p>\n","protected":false},"author":1,"featured_media":0,"comment_status":"open","ping_status":"open","sticky":false,"template":"","format":"standard","meta":[],"categories":[43,8,2],"tags":[],"_links":{"self":[{"href":"https:\/\/vaeter-und-karriere.de\/blog\/index.php\/wp-json\/wp\/v2\/posts\/6187"}],"collection":[{"href":"https:\/\/vaeter-und-karriere.de\/blog\/index.php\/wp-json\/wp\/v2\/posts"}],"about":[{"href":"https:\/\/vaeter-und-karriere.de\/blog\/index.php\/wp-json\/wp\/v2\/types\/post"}],"author":[{"embeddable":true,"href":"https:\/\/vaeter-und-karriere.de\/blog\/index.php\/wp-json\/wp\/v2\/users\/1"}],"replies":[{"embeddable":true,"href":"https:\/\/vaeter-und-karriere.de\/blog\/index.php\/wp-json\/wp\/v2\/comments?post=6187"}],"version-history":[{"count":4,"href":"https:\/\/vaeter-und-karriere.de\/blog\/index.php\/wp-json\/wp\/v2\/posts\/6187\/revisions"}],"predecessor-version":[{"id":6193,"href":"https:\/\/vaeter-und-karriere.de\/blog\/index.php\/wp-json\/wp\/v2\/posts\/6187\/revisions\/6193"}],"wp:attachment":[{"href":"https:\/\/vaeter-und-karriere.de\/blog\/index.php\/wp-json\/wp\/v2\/media?parent=6187"}],"wp:term":[{"taxonomy":"category","embeddable":true,"href":"https:\/\/vaeter-und-karriere.de\/blog\/index.php\/wp-json\/wp\/v2\/categories?post=6187"},{"taxonomy":"post_tag","embeddable":true,"href":"https:\/\/vaeter-und-karriere.de\/blog\/index.php\/wp-json\/wp\/v2\/tags?post=6187"}],"curies":[{"name":"wp","href":"https:\/\/api.w.org\/{rel}","templated":true}]}}