{"id":6084,"date":"2012-04-20T16:26:25","date_gmt":"2012-04-20T15:26:25","guid":{"rendered":"http:\/\/vaeter-und-karriere.de\/blog\/?p=6084"},"modified":"2012-04-20T16:26:25","modified_gmt":"2012-04-20T15:26:25","slug":"islamische-vater-und-kindererziehung","status":"publish","type":"post","link":"https:\/\/vaeter-und-karriere.de\/blog\/index.php\/2012\/04\/20\/islamische-vater-und-kindererziehung\/","title":{"rendered":"Islamische V\u00e4ter und Kindererziehung"},"content":{"rendered":"<p>In islamischen Familien k\u00fcmmert sich fast nur die Mama um die Erziehung der Kleinen, das wei\u00df doch jedes Kind? So desinteressiert an Erziehungsfragen, und nicht nur an der \u201egro\u00dfen Linie\u201c, sondern auch an den vielen kleinen und oft komplizierten, auf jeden Fall aber wichtigen Fragen des Alltages, wie es wohl f\u00fcr viele den Anschein hat, scheinen M\u00e4nner muslimischen Glaubens in Wahrheit \u00fcberhaupt nicht zu sein. Dorothea Castor von \u201e<a href=\"http:\/\/www.kunja.de\/dicker-busch\/seiten\/institutionen.php \" target=\"_blank\">FaiR<\/a>\u201c (&#8222;Familien in R\u00fcsselsheim\u201c) wei\u00df jedenfalls eine ganz andere Geschichte zu erz\u00e4hlen.<\/p>\n<p>Dass es eine Erfolgsgeschichte werden w\u00fcrde, wussten die Teams von \u201eFaiR\u201c und Kinderschutzbund wirklich nicht, als sie die Idee hatten, mit muslimischen V\u00e4tern ins Gespr\u00e4ch zu kommen. Im Herbst 2011 war man beim Verein der t\u00fcrkischen Ayasofya-Moschee sofort auf offene Ohren gesto\u00dfen.<\/p>\n<p>\u201eGewisserma\u00dfen von der Kanzel war dann bei einem Freitagsgebet f\u00fcr eine Begegnung geworben worden und in der Tat blieben nicht nur V\u00e4ter da, sondern auch Gro\u00dfv\u00e4ter.\u201c Dass es Freude und Last zugleich bedeutet, Vater zu sein, beherrschte rasch den Dialog.<\/p>\n<p>Das Treffen war ein derartiger Erfolg, dass die G\u00e4ste sofort \u00fcberlegten, wie sch\u00f6n es doch w\u00e4re, wiederzukommen. Desto gl\u00fccklicher waren sie, als auch die V\u00e4ter und Gro\u00dfv\u00e4ter gro\u00dfes Interesse bekundeten, den Dialog fortzusetzen. Am heutigen Freitag ist es soweit. Das Thema steht auch schon fest: \u201eMehr Zeit mit Kindern! Wie gebe ich als Vater Halt und Orientierung?\u201c<\/p>\n<p>Um Halt und Orientierung geben oder empfangen zu k\u00f6nnen, ist nat\u00fcrlich gr\u00f6\u00dftm\u00f6gliche N\u00e4he notwendig. Eine N\u00e4he, die man immer wieder pflegen muss, wenn man sie erhalten will. Fragen von Autorit\u00e4t und Respekt werden diesmal eine gro\u00dfe Rolle bei unserem Treffen in der Moschee spielen. Es geht um das richtige Ma\u00df.<\/p>\n<p><a href=\"http:\/\/www.main-spitze.de\/region\/ruesselsheim\/11882945.htm \" target=\"_blank\">Quelle<\/a><\/p>\n","protected":false},"excerpt":{"rendered":"<p>In islamischen Familien k\u00fcmmert sich fast nur die Mama um die Erziehung der Kleinen, das wei\u00df doch jedes Kind? So desinteressiert an Erziehungsfragen, und nicht nur an der \u201egro\u00dfen Linie\u201c, sondern auch an den vielen kleinen und oft komplizierten, auf jeden Fall aber wichtigen Fragen des Alltages, wie es wohl f\u00fcr viele den Anschein hat, [&hellip;]<\/p>\n","protected":false},"author":1,"featured_media":0,"comment_status":"open","ping_status":"open","sticky":false,"template":"","format":"standard","meta":[],"categories":[43,207],"tags":[197],"_links":{"self":[{"href":"https:\/\/vaeter-und-karriere.de\/blog\/index.php\/wp-json\/wp\/v2\/posts\/6084"}],"collection":[{"href":"https:\/\/vaeter-und-karriere.de\/blog\/index.php\/wp-json\/wp\/v2\/posts"}],"about":[{"href":"https:\/\/vaeter-und-karriere.de\/blog\/index.php\/wp-json\/wp\/v2\/types\/post"}],"author":[{"embeddable":true,"href":"https:\/\/vaeter-und-karriere.de\/blog\/index.php\/wp-json\/wp\/v2\/users\/1"}],"replies":[{"embeddable":true,"href":"https:\/\/vaeter-und-karriere.de\/blog\/index.php\/wp-json\/wp\/v2\/comments?post=6084"}],"version-history":[{"count":1,"href":"https:\/\/vaeter-und-karriere.de\/blog\/index.php\/wp-json\/wp\/v2\/posts\/6084\/revisions"}],"predecessor-version":[{"id":6085,"href":"https:\/\/vaeter-und-karriere.de\/blog\/index.php\/wp-json\/wp\/v2\/posts\/6084\/revisions\/6085"}],"wp:attachment":[{"href":"https:\/\/vaeter-und-karriere.de\/blog\/index.php\/wp-json\/wp\/v2\/media?parent=6084"}],"wp:term":[{"taxonomy":"category","embeddable":true,"href":"https:\/\/vaeter-und-karriere.de\/blog\/index.php\/wp-json\/wp\/v2\/categories?post=6084"},{"taxonomy":"post_tag","embeddable":true,"href":"https:\/\/vaeter-und-karriere.de\/blog\/index.php\/wp-json\/wp\/v2\/tags?post=6084"}],"curies":[{"name":"wp","href":"https:\/\/api.w.org\/{rel}","templated":true}]}}