{"id":6049,"date":"2012-04-12T00:26:15","date_gmt":"2012-04-11T23:26:15","guid":{"rendered":"http:\/\/vaeter-und-karriere.de\/blog\/?p=6049"},"modified":"2012-04-12T08:49:59","modified_gmt":"2012-04-12T07:49:59","slug":"das-betreuungsgeld-kommt-in-landlichen-regionen","status":"publish","type":"post","link":"https:\/\/vaeter-und-karriere.de\/blog\/index.php\/2012\/04\/12\/das-betreuungsgeld-kommt-in-landlichen-regionen\/","title":{"rendered":"Das Betreuungsgeld kommt: In l\u00e4ndlichen Regionen"},"content":{"rendered":"<p>Nach Informationen der <a href=\"http:\/\/www.faz.net\" target=\"_blank\">Frankfurter Allgemeinen Zeitung<\/a> beabsichtigt die F\u00fchrung der CDU, das in Partei und Koalition umstrittene Vorhaben eines Betreuungsgeldes durch einen Vorstandsbeschluss zu bekr\u00e4ftigen. Im Entwurf eines Programms zur Entwicklung l\u00e4ndlicher R\u00e4ume, der am kommenden Montag vom Bundesvorstand der CDU beschlossen werden soll, hei\u00dft es: \u201eGerade auf dem Land entscheiden sich viele Eltern daf\u00fcr, ihre Kinder in den ersten Lebensjahren zu Hause selbst zu betreuen.<\/p>\n<p>Ihr Familienmodell hat unseren Respekt und unsere Unterst\u00fctzung. Wir werden deshalb ab dem Jahr 2013 als zus\u00e4tzliche Anerkennungs- und Unterst\u00fctzungsleistung ein Betreuungsgeld in H\u00f6he von zun\u00e4chst 100 Euro f\u00fcr das zweite und ab dem Jahr 2014 von 150 Euro f\u00fcr das zweite und dritte Lebensjahr des Kindes einf\u00fchren.\u201c<\/p>\n<p>Mit Blick auf den Umstand, dass in l\u00e4ndlichen Gegenden oft nahe Verwandte oder Nachbarn Verantwortung in der Kinderbetreuung \u00fcbern\u00e4hmen, wird in dem Papier angek\u00fcndigt: \u201eAnalog zur dreij\u00e4hrigen Elternzeit werden wir eine Gro\u00dfelternzeit einf\u00fchren, damit Gro\u00dfeltern leichter eine Auszeit vom Beruf nehmen k\u00f6nnen, wenn sie sich um ihre Enkel k\u00fcmmern.\u201c Neben Kindertagesst\u00e4tten spielten auf dem Land die \u201eTagesm\u00fctter\u201c eine wichtige Rolle. \u201eIhre Qualifikation werden wir weiter unterst\u00fctzen und f\u00fcr ihre faire Bezahlung eintreten.\u201c Die Wahlfreiheit in der Kindererziehung und die Vereinbarkeit von Familie und Beruf seien auf dem Land genauso wie in den St\u00e4dten zu gew\u00e4hrleisten, hei\u00dft es in der Beschlussvorlage.<\/p>\n<p>In dem Papier hei\u00dft es weiter: \u201eWir wollen, dass die l\u00e4ndlichen R\u00e4ume ihren Bewohnern eine gute Heimat bleiben. Die Menschen sollen dort auch morgen noch ein gutes und chancenreiches Leben f\u00fchren k\u00f6nnen.\u201c Der l\u00e4ndliche Raum sei als Wirtschaftsstandort attraktiv, weil Unternehmen hier \u201ehochmotivierte Mitarbeiter\u201c f\u00e4nden. Nur schade, dass potenzielle Mitarbeiterinnen\u00a0 keine echte Wahlfreiheit, sondern eine \u201aErsatzpr\u00e4mie vorfinden und eine Existenzgr\u00fcndung als Tagesm\u00fctter vorgesehen ist.<\/p>\n<p><a href=\"http:\/\/www.faz.net\/aktuell\/politik\/inland\/grosselternzeit-angekuendigt-cdu-vorstand-will-ueber-betreuungsgeld-abstimmen-11714494.html \" target=\"_blank\">Quelle<\/a><\/p>\n","protected":false},"excerpt":{"rendered":"<p>Nach Informationen der Frankfurter Allgemeinen Zeitung beabsichtigt die F\u00fchrung der CDU, das in Partei und Koalition umstrittene Vorhaben eines Betreuungsgeldes durch einen Vorstandsbeschluss zu bekr\u00e4ftigen. Im Entwurf eines Programms zur Entwicklung l\u00e4ndlicher R\u00e4ume, der am kommenden Montag vom Bundesvorstand der CDU beschlossen werden soll, hei\u00dft es: \u201eGerade auf dem Land entscheiden sich viele Eltern daf\u00fcr, [&hellip;]<\/p>\n","protected":false},"author":1,"featured_media":0,"comment_status":"open","ping_status":"open","sticky":false,"template":"","format":"standard","meta":[],"categories":[10,40,6],"tags":[],"_links":{"self":[{"href":"https:\/\/vaeter-und-karriere.de\/blog\/index.php\/wp-json\/wp\/v2\/posts\/6049"}],"collection":[{"href":"https:\/\/vaeter-und-karriere.de\/blog\/index.php\/wp-json\/wp\/v2\/posts"}],"about":[{"href":"https:\/\/vaeter-und-karriere.de\/blog\/index.php\/wp-json\/wp\/v2\/types\/post"}],"author":[{"embeddable":true,"href":"https:\/\/vaeter-und-karriere.de\/blog\/index.php\/wp-json\/wp\/v2\/users\/1"}],"replies":[{"embeddable":true,"href":"https:\/\/vaeter-und-karriere.de\/blog\/index.php\/wp-json\/wp\/v2\/comments?post=6049"}],"version-history":[{"count":2,"href":"https:\/\/vaeter-und-karriere.de\/blog\/index.php\/wp-json\/wp\/v2\/posts\/6049\/revisions"}],"predecessor-version":[{"id":6051,"href":"https:\/\/vaeter-und-karriere.de\/blog\/index.php\/wp-json\/wp\/v2\/posts\/6049\/revisions\/6051"}],"wp:attachment":[{"href":"https:\/\/vaeter-und-karriere.de\/blog\/index.php\/wp-json\/wp\/v2\/media?parent=6049"}],"wp:term":[{"taxonomy":"category","embeddable":true,"href":"https:\/\/vaeter-und-karriere.de\/blog\/index.php\/wp-json\/wp\/v2\/categories?post=6049"},{"taxonomy":"post_tag","embeddable":true,"href":"https:\/\/vaeter-und-karriere.de\/blog\/index.php\/wp-json\/wp\/v2\/tags?post=6049"}],"curies":[{"name":"wp","href":"https:\/\/api.w.org\/{rel}","templated":true}]}}