{"id":5516,"date":"2011-11-21T10:43:34","date_gmt":"2011-11-21T09:43:34","guid":{"rendered":"http:\/\/vaeter-und-karriere.de\/blog\/?p=5516"},"modified":"2011-11-22T10:59:17","modified_gmt":"2011-11-22T09:59:17","slug":"bochumer-vater-nutzen-elterngeld-wegen-finanzieller-sorgen-seltener","status":"publish","type":"post","link":"https:\/\/vaeter-und-karriere.de\/blog\/index.php\/2011\/11\/21\/bochumer-vater-nutzen-elterngeld-wegen-finanzieller-sorgen-seltener\/","title":{"rendered":"Bochumer V\u00e4ter nutzen Elterngeld wegen finanzieller Sorgen seltener"},"content":{"rendered":"<p>Jeder f\u00fcnfte Vater in Bochum nutzt das Elterngeld, um sich einige Monate um seinen Nachwuchs zu k\u00fcmmern. Finanzielle Gr\u00fcnde und Angst vor Nachteilen im Job schrecken viele M\u00e4nner ab, Elternzeit in Anspruch zu nehmen.<\/p>\n<p>Die Beteiligung der V\u00e4ter an der Elternzeit steigt in Deutschland stetig an. Nach Angaben des <a href=\"http:\/\/vaeter-und-karriere.de\/blog\/index.php\/2011\/09\/06\/elterngeld-steht-bei-vatern-hoch-im-kurs\/\" target=\"_blank\">Statistischen Bundesamts<\/a> haben 18 % der Bochumer V\u00e4ter f\u00fcr im Jahr 2009 geborene Kinder Elterngeld bezogen. Damit liegt Bochum im NRW-Durchschnitt, aber unter dem deutschlandweiten Mittel von 24 %. In den Nachbarst\u00e4dten bezogen noch weniger V\u00e4ter das Elterngeld.<\/p>\n<p>Die Eltern orientierten sich am h\u00f6heren Gehalt, sagt Ursula Kersting-Otte von der Beratungsstelle Pro Familia. Und das beziehen meist die M\u00e4nner. Bei den Beratungen h\u00f6re sie leider auch, \u201edass Arbeitgeber ihnen das negativ auslegen, wenn sie in Elternzeit gehen\u201c.<\/p>\n<p>Wenn die V\u00e4ter sich f\u00fcr eine Elternzeit entscheiden, dann meist nur f\u00fcr die Mindestzeit von zwei Monaten. Das zeigt auch die Statistik: Mehr als zwei Drittel der V\u00e4ter (71 %) in NRW entschieden sich so. Die V\u00e4ter, die sich bei Pro Familia beraten lie\u00dfen, h\u00e4tten das Gef\u00fchl, dass zwei Monate Auszeit bei ihrem Arbeitnehmer gerade noch akzeptiert seien, so Kersting-Otte.<\/p>\n<p>Gerade bei befristeten Arbeitsvertr\u00e4gen gehe es oft um die Existenz. Seien die V\u00e4ter bei einer Zeitarbeitsfirma besch\u00e4ftigt, m\u00fcssten sie sich oft gegen die Elternzeit entscheiden. \u201eDas ist auch ein gesamtgesellschaftliches Problem\u201c, sagt die Beraterin.<\/p>\n<p><a href=\"http:\/\/www.ruhrnachrichten.de\/lokales\/bochum\/Bochumer-Vaeter-nutzen-selten-Elterngeld;art932,1472572 \" target=\"_blank\">Quelle<\/a><\/p>\n","protected":false},"excerpt":{"rendered":"<p>Jeder f\u00fcnfte Vater in Bochum nutzt das Elterngeld, um sich einige Monate um seinen Nachwuchs zu k\u00fcmmern. Finanzielle Gr\u00fcnde und Angst vor Nachteilen im Job schrecken viele M\u00e4nner ab, Elternzeit in Anspruch zu nehmen. Die Beteiligung der V\u00e4ter an der Elternzeit steigt in Deutschland stetig an. Nach Angaben des Statistischen Bundesamts haben 18 % der [&hellip;]<\/p>\n","protected":false},"author":1,"featured_media":0,"comment_status":"open","ping_status":"open","sticky":false,"template":"","format":"standard","meta":[],"categories":[8,2,6,21],"tags":[134,87],"_links":{"self":[{"href":"https:\/\/vaeter-und-karriere.de\/blog\/index.php\/wp-json\/wp\/v2\/posts\/5516"}],"collection":[{"href":"https:\/\/vaeter-und-karriere.de\/blog\/index.php\/wp-json\/wp\/v2\/posts"}],"about":[{"href":"https:\/\/vaeter-und-karriere.de\/blog\/index.php\/wp-json\/wp\/v2\/types\/post"}],"author":[{"embeddable":true,"href":"https:\/\/vaeter-und-karriere.de\/blog\/index.php\/wp-json\/wp\/v2\/users\/1"}],"replies":[{"embeddable":true,"href":"https:\/\/vaeter-und-karriere.de\/blog\/index.php\/wp-json\/wp\/v2\/comments?post=5516"}],"version-history":[{"count":1,"href":"https:\/\/vaeter-und-karriere.de\/blog\/index.php\/wp-json\/wp\/v2\/posts\/5516\/revisions"}],"predecessor-version":[{"id":5517,"href":"https:\/\/vaeter-und-karriere.de\/blog\/index.php\/wp-json\/wp\/v2\/posts\/5516\/revisions\/5517"}],"wp:attachment":[{"href":"https:\/\/vaeter-und-karriere.de\/blog\/index.php\/wp-json\/wp\/v2\/media?parent=5516"}],"wp:term":[{"taxonomy":"category","embeddable":true,"href":"https:\/\/vaeter-und-karriere.de\/blog\/index.php\/wp-json\/wp\/v2\/categories?post=5516"},{"taxonomy":"post_tag","embeddable":true,"href":"https:\/\/vaeter-und-karriere.de\/blog\/index.php\/wp-json\/wp\/v2\/tags?post=5516"}],"curies":[{"name":"wp","href":"https:\/\/api.w.org\/{rel}","templated":true}]}}