{"id":5455,"date":"2011-11-02T15:13:55","date_gmt":"2011-11-02T14:13:55","guid":{"rendered":"http:\/\/vaeter-und-karriere.de\/blog\/?p=5455"},"modified":"2011-11-07T15:38:02","modified_gmt":"2011-11-07T14:38:02","slug":"die-ohnmachtige-wut-der-scheidungsvater","status":"publish","type":"post","link":"https:\/\/vaeter-und-karriere.de\/blog\/index.php\/2011\/11\/02\/die-ohnmachtige-wut-der-scheidungsvater\/","title":{"rendered":"Die ohnm\u00e4chtige Wut der Scheidungsv\u00e4ter"},"content":{"rendered":"<p>Nicht nur in der Schweiz haben geschiedene V\u00e4ter kaum Rechte. Im Schweizer <a href=\"http:\/\/blog.bazonline.ch\/mamablog\/\" target=\"_blank\">Mamablog<\/a> beschreibt ein Vater sehr pers\u00f6nlich aber anonym, um die Beziehung zu seiner Ex Frau nicht weiter zu belasten, wie er diese Situation erlebt.<\/p>\n<p>\u201aPapa werden ist ein unbeschreibliches Erlebnis und mehr noch Papa sein. Das h\u00f6rt ja nicht mit der Geburt des Kindes auf. Im Gegenteil, es f\u00e4ngt erst an. Ein neues Ich entfaltet sich, neue, noch nie empfundene Gef\u00fchle er\u00f6ffnen sich, bedingungslose Hingabe erf\u00e4hrt eine tiefere Qualit\u00e4t, Verantwortung wird zur Bereicherung.<\/p>\n<p>Sch\u00f6n, wenn man diese Gef\u00fchle und den Zustand gemeinsam im Alltag verfolgen und teilen kann. Aber nicht jedem ist das Gl\u00fcck verg\u00f6nnt, diese Dreiheit (es ist unser erstes Kind) gemeinsam zu leben, zum Beispiel Eltern, die keinen gemeinsamen Haushalt haben. Damals, als es um die Regelung in der gemeinsamen Erziehung und des Besuchsrechtes ging, unterschrieb ich zusammen mit der Mutter meines Kindes eine Abmachung. Solche Regelungen sind sinnvoll, gerade mit einem Kind ist Planung unumg\u00e4nglich.<\/p>\n<p>Einfach ist das nicht. Auch ein Vater hat zuweilen das Bed\u00fcrfnis, seinen Sohn au\u00dferhalb dieser abgemachten und unterzeichneten Besuchszeiten zu sehen. Ein Begriff, der irgendwie an den Knast erinnert und nicht an das, was ich mir unter einer Familie vorstelle. Leider besteht je nach Beziehungsstatus mit der Mutter kaum Raum f\u00fcr spontanes Begegnen. Wenn sie gerade Bedarf hat, das Kind abzugeben, um zu putzen oder B\u00fcroarbeiten zu erledigen, darf der Papa den Kleinen zu sich nehmen. Sonst kaum.<\/p>\n<p>Um den Kontakt trotzdem zu pflegen, greift man aus Verlegenheit auf den telefonischen Kontakt zur\u00fcck. Da ich den Dreij\u00e4hrigen nicht selber anrufen kann, habe ich wiederum mit der Mutter zu tun. Dann fallen in vorwurfsvollem Gepl\u00e4nkel S\u00e4tze wie: \u201eIch will und muss nicht DIE GANZE ZEIT erreichbar sein.\u201c Aber sollte nicht genau das der Fall sein, wenn man ein gemeinsames Kind hat? Wir haben diese Entscheidung zusammen gef\u00e4llt und diese bindet uns. Auch wenn es vielleicht nicht immer gerade passt.<!--more--><\/p>\n<p>Weder bin ich ein verwahrloster S\u00e4ufer, randst\u00e4ndiger Schl\u00e4ger oder sonst wie abtr\u00fcnnig oder sozial ausgemustert. Und dennoch wird mir die N\u00e4he zu meinem Sohn verwehrt. So ist das. Und das schmerzt! Wie also umgehen mit der Situation? Klar, reden kann helfen. Wenn man reden kann, kann man auch neue Abmachungen treffen. Wenn aber reden auch nicht mehr geht, steht man als Vater verdammt bl\u00f6d da. Wohin dann mit seiner Verzweiflung und Wut? Wie gelangt man dann doch zu einer L\u00f6sung? \u2026\u2019<\/p>\n<p><a href=\"http:\/\/blog.bazonline.ch\/mamablog\/index.php\/19979\/die-ohnmacht-der-scheidungsvater\/ \" target=\"_blank\">Quelle<\/a><\/p>\n","protected":false},"excerpt":{"rendered":"<p>Nicht nur in der Schweiz haben geschiedene V\u00e4ter kaum Rechte. Im Schweizer Mamablog beschreibt ein Vater sehr pers\u00f6nlich aber anonym, um die Beziehung zu seiner Ex Frau nicht weiter zu belasten, wie er diese Situation erlebt. \u201aPapa werden ist ein unbeschreibliches Erlebnis und mehr noch Papa sein. Das h\u00f6rt ja nicht mit der Geburt des [&hellip;]<\/p>\n","protected":false},"author":1,"featured_media":0,"comment_status":"open","ping_status":"open","sticky":false,"template":"","format":"standard","meta":[],"categories":[43,27,163,182],"tags":[152],"_links":{"self":[{"href":"https:\/\/vaeter-und-karriere.de\/blog\/index.php\/wp-json\/wp\/v2\/posts\/5455"}],"collection":[{"href":"https:\/\/vaeter-und-karriere.de\/blog\/index.php\/wp-json\/wp\/v2\/posts"}],"about":[{"href":"https:\/\/vaeter-und-karriere.de\/blog\/index.php\/wp-json\/wp\/v2\/types\/post"}],"author":[{"embeddable":true,"href":"https:\/\/vaeter-und-karriere.de\/blog\/index.php\/wp-json\/wp\/v2\/users\/1"}],"replies":[{"embeddable":true,"href":"https:\/\/vaeter-und-karriere.de\/blog\/index.php\/wp-json\/wp\/v2\/comments?post=5455"}],"version-history":[{"count":1,"href":"https:\/\/vaeter-und-karriere.de\/blog\/index.php\/wp-json\/wp\/v2\/posts\/5455\/revisions"}],"predecessor-version":[{"id":5456,"href":"https:\/\/vaeter-und-karriere.de\/blog\/index.php\/wp-json\/wp\/v2\/posts\/5455\/revisions\/5456"}],"wp:attachment":[{"href":"https:\/\/vaeter-und-karriere.de\/blog\/index.php\/wp-json\/wp\/v2\/media?parent=5455"}],"wp:term":[{"taxonomy":"category","embeddable":true,"href":"https:\/\/vaeter-und-karriere.de\/blog\/index.php\/wp-json\/wp\/v2\/categories?post=5455"},{"taxonomy":"post_tag","embeddable":true,"href":"https:\/\/vaeter-und-karriere.de\/blog\/index.php\/wp-json\/wp\/v2\/tags?post=5455"}],"curies":[{"name":"wp","href":"https:\/\/api.w.org\/{rel}","templated":true}]}}