{"id":5448,"date":"2011-11-01T08:25:30","date_gmt":"2011-11-01T07:25:30","guid":{"rendered":"http:\/\/vaeter-und-karriere.de\/blog\/?p=5448"},"modified":"2011-11-01T08:25:31","modified_gmt":"2011-11-01T07:25:31","slug":"manner-konnen-gleichstellung","status":"publish","type":"post","link":"https:\/\/vaeter-und-karriere.de\/blog\/index.php\/2011\/11\/01\/manner-konnen-gleichstellung\/","title":{"rendered":"M\u00e4nner k\u00f6nnen Gleichstellung"},"content":{"rendered":"<p>Aus Anlass des Welttag des Mannes am kommenden Donnerstag erkl\u00e4rt Martin Rosowski, Vorsitzender des Bundesforum M\u00e4nner \u2013 Interessenverband f\u00fcr Jungen, M\u00e4nner und V\u00e4ter e.V.:<\/p>\n<p>\u201eWir freuen uns, dass auch die Bedarfslagen von Jungen, M\u00e4nner und V\u00e4tern in der Gleichstellungspolitik mehr und mehr ernst genommen werden. Seit einem Jahr gibt es das Bundesforum M\u00e4nner, den Interessenverband f\u00fcr Jungen, M\u00e4nner und V\u00e4ter als Ansprechpartner f\u00fcr die Politik. Aber auch Jungen, M\u00e4nner, V\u00e4ter und Gro\u00dfv\u00e4ter brauchen verl\u00e4ssliche Ansprechpartner. Mehr M\u00e4nner als Gleichstellungsbeauftragte w\u00e4ren daher ein wichtiges Signal.\u201c<\/p>\n<p>Seit zehn Jahren regelt das <a href=\"http:\/\/www.gesetze-im-internet.de\/bgleig\/__16.html \" target=\"_blank\">Bundesgleichstellungsgesetz<\/a>, dass in der Bundesverwaltung Gleichstellungsbeauftragte gew\u00e4hlt werden m\u00fcssen. Aber nur Frauen k\u00f6nnen Gleichstellungsbeauftragte werden und w\u00e4hlen. Das Bundesforum M\u00e4nner sieht es an der Zeit diese rigide Regelung zugunsten parit\u00e4tisch besetzter Teams aufzugeben. Unserer Ansicht nach k\u00f6nnen Frauen und M\u00e4nner am besten gemeinsam wirkliche Gleichstellung erreichen und bestehende Diskriminierungen wegen des Geschlechts beseitigen. Auch um die Vereinbarkeit von Familie, d.h. sowohl Pflege von Kindern als auch von kranken oder alten Angeh\u00f6rigen, und Erwerbst\u00e4tigkeit f\u00fcr M\u00e4nner und Frauen zu verbessern, m\u00fcssen M\u00e4nner und Frauen gemeinsam Ma\u00dfnahmen entwickeln.<\/p>\n<p><a href=\"http:\/\/www.bundesforum-maenner.de \" target=\"_blank\">Quelle<\/a><\/p>\n","protected":false},"excerpt":{"rendered":"<p>Aus Anlass des Welttag des Mannes am kommenden Donnerstag erkl\u00e4rt Martin Rosowski, Vorsitzender des Bundesforum M\u00e4nner \u2013 Interessenverband f\u00fcr Jungen, M\u00e4nner und V\u00e4ter e.V.: \u201eWir freuen uns, dass auch die Bedarfslagen von Jungen, M\u00e4nner und V\u00e4tern in der Gleichstellungspolitik mehr und mehr ernst genommen werden. Seit einem Jahr gibt es das Bundesforum M\u00e4nner, den Interessenverband [&hellip;]<\/p>\n","protected":false},"author":1,"featured_media":0,"comment_status":"open","ping_status":"open","sticky":false,"template":"","format":"standard","meta":[],"categories":[37,33,6],"tags":[231,91],"_links":{"self":[{"href":"https:\/\/vaeter-und-karriere.de\/blog\/index.php\/wp-json\/wp\/v2\/posts\/5448"}],"collection":[{"href":"https:\/\/vaeter-und-karriere.de\/blog\/index.php\/wp-json\/wp\/v2\/posts"}],"about":[{"href":"https:\/\/vaeter-und-karriere.de\/blog\/index.php\/wp-json\/wp\/v2\/types\/post"}],"author":[{"embeddable":true,"href":"https:\/\/vaeter-und-karriere.de\/blog\/index.php\/wp-json\/wp\/v2\/users\/1"}],"replies":[{"embeddable":true,"href":"https:\/\/vaeter-und-karriere.de\/blog\/index.php\/wp-json\/wp\/v2\/comments?post=5448"}],"version-history":[{"count":1,"href":"https:\/\/vaeter-und-karriere.de\/blog\/index.php\/wp-json\/wp\/v2\/posts\/5448\/revisions"}],"predecessor-version":[{"id":5449,"href":"https:\/\/vaeter-und-karriere.de\/blog\/index.php\/wp-json\/wp\/v2\/posts\/5448\/revisions\/5449"}],"wp:attachment":[{"href":"https:\/\/vaeter-und-karriere.de\/blog\/index.php\/wp-json\/wp\/v2\/media?parent=5448"}],"wp:term":[{"taxonomy":"category","embeddable":true,"href":"https:\/\/vaeter-und-karriere.de\/blog\/index.php\/wp-json\/wp\/v2\/categories?post=5448"},{"taxonomy":"post_tag","embeddable":true,"href":"https:\/\/vaeter-und-karriere.de\/blog\/index.php\/wp-json\/wp\/v2\/tags?post=5448"}],"curies":[{"name":"wp","href":"https:\/\/api.w.org\/{rel}","templated":true}]}}