{"id":5414,"date":"2011-10-20T12:42:57","date_gmt":"2011-10-20T11:42:57","guid":{"rendered":"http:\/\/vaeter-und-karriere.de\/blog\/?p=5414"},"modified":"2011-10-20T12:42:57","modified_gmt":"2011-10-20T11:42:57","slug":"die-ersten-vater-beim-wiener-magistrat-treten-papamonat-an","status":"publish","type":"post","link":"https:\/\/vaeter-und-karriere.de\/blog\/index.php\/2011\/10\/20\/die-ersten-vater-beim-wiener-magistrat-treten-papamonat-an\/","title":{"rendered":"Die ersten V\u00e4ter beim Wiener Magistrat treten Papamonat an"},"content":{"rendered":"<p>M\u00e4nner, die bei der Stadt Wien besch\u00e4ftigt sind, haben seit Mitte September Anspruch auf einen Papamonat. Wenn sie mit der Mutter ihres Kindes zusammenleben, haben sie die M\u00f6glichkeit, nach der Geburt ihres Kindes bis zu vier Wochen in V\u00e4terfr\u00fchkarenz zu gehen.<\/p>\n<p>Personalstadtr\u00e4tin Sandra Frauenberger freut sich \u00fcber das rege Interesse der M\u00e4nner: Bereits 16 M\u00e4nner haben ein Papamonat angetreten bzw. haben darum angesucht. Andreas Fitzthum ist einer der ersten M\u00e4nner bei der Stadt Wien, der einen Papamonat genommen hat. Seine kleine Tochter, Ylva Marlene, ist im September zur Welt gekommen.<\/p>\n<p>Herr Fitzthum wurde bereits zum vierten Mal Papa. Er wei\u00df daher \u00fcber die gro\u00dfen Freuden mit einem neu geborenen Baby, aber auch \u00fcber die Anstrengungen der ersten Zeit Bescheid. Er ist sehr froh, die ersten Wochen zu Hause bei Frau, Baby und Kindern verbringen zu k\u00f6nnen. Im Jahr 2013, wenn seine Frau wieder zu arbeiten beginnt, m\u00f6chte er auch von der M\u00f6glichkeit einer V\u00e4terkarenz Gebrauch machen.<\/p>\n<p>Sandra Frauenberger ist \u00fcberzeugt, dass ein Papamonat die enge Bindung zwischen Vater und Kind f\u00f6rdert. &#8222;Es w\u00e4re sch\u00f6n, wenn auf diesem Wege auch die Zahl jener M\u00e4nner steigt, die in Elternkarenz gehen. Denn Kinderbetreuung ist keine Frauenangelegenheit, sondern Elternsache&#8220;<\/p>\n<p><a href=\"http:\/\/www.ots.at\/presseaussendung\/OTS_20111020_OTS0068\/wiener-magistrat-die-ersten-vaeter-treten-papamonat-an \" target=\"_blank\"> Quelle<\/a><\/p>\n","protected":false},"excerpt":{"rendered":"<p>M\u00e4nner, die bei der Stadt Wien besch\u00e4ftigt sind, haben seit Mitte September Anspruch auf einen Papamonat. Wenn sie mit der Mutter ihres Kindes zusammenleben, haben sie die M\u00f6glichkeit, nach der Geburt ihres Kindes bis zu vier Wochen in V\u00e4terfr\u00fchkarenz zu gehen. Personalstadtr\u00e4tin Sandra Frauenberger freut sich \u00fcber das rege Interesse der M\u00e4nner: Bereits 16 M\u00e4nner [&hellip;]<\/p>\n","protected":false},"author":1,"featured_media":0,"comment_status":"open","ping_status":"open","sticky":false,"template":"","format":"standard","meta":[],"categories":[2],"tags":[],"_links":{"self":[{"href":"https:\/\/vaeter-und-karriere.de\/blog\/index.php\/wp-json\/wp\/v2\/posts\/5414"}],"collection":[{"href":"https:\/\/vaeter-und-karriere.de\/blog\/index.php\/wp-json\/wp\/v2\/posts"}],"about":[{"href":"https:\/\/vaeter-und-karriere.de\/blog\/index.php\/wp-json\/wp\/v2\/types\/post"}],"author":[{"embeddable":true,"href":"https:\/\/vaeter-und-karriere.de\/blog\/index.php\/wp-json\/wp\/v2\/users\/1"}],"replies":[{"embeddable":true,"href":"https:\/\/vaeter-und-karriere.de\/blog\/index.php\/wp-json\/wp\/v2\/comments?post=5414"}],"version-history":[{"count":1,"href":"https:\/\/vaeter-und-karriere.de\/blog\/index.php\/wp-json\/wp\/v2\/posts\/5414\/revisions"}],"predecessor-version":[{"id":5415,"href":"https:\/\/vaeter-und-karriere.de\/blog\/index.php\/wp-json\/wp\/v2\/posts\/5414\/revisions\/5415"}],"wp:attachment":[{"href":"https:\/\/vaeter-und-karriere.de\/blog\/index.php\/wp-json\/wp\/v2\/media?parent=5414"}],"wp:term":[{"taxonomy":"category","embeddable":true,"href":"https:\/\/vaeter-und-karriere.de\/blog\/index.php\/wp-json\/wp\/v2\/categories?post=5414"},{"taxonomy":"post_tag","embeddable":true,"href":"https:\/\/vaeter-und-karriere.de\/blog\/index.php\/wp-json\/wp\/v2\/tags?post=5414"}],"curies":[{"name":"wp","href":"https:\/\/api.w.org\/{rel}","templated":true}]}}