{"id":5149,"date":"2011-08-10T07:35:04","date_gmt":"2011-08-10T06:35:04","guid":{"rendered":"http:\/\/vaeter-und-karriere.de\/blog\/?p=5149"},"modified":"2011-08-13T07:37:33","modified_gmt":"2011-08-13T06:37:33","slug":"vater-scheitert-mit-klage-auf-kindergeld","status":"publish","type":"post","link":"https:\/\/vaeter-und-karriere.de\/blog\/index.php\/2011\/08\/10\/vater-scheitert-mit-klage-auf-kindergeld\/","title":{"rendered":"Vater scheitert mit Klage auf Kindergeld"},"content":{"rendered":"<p>Getrennt lebende V\u00e4ter m\u00fcssen es hinnehmen, dass sie nach einere Scheidung mitunter ihren Anteil am Kindergeldes verlieren. Das geht aus einem am Mittwoch ver\u00f6ffentlichten <a href=\"http:\/\/www.bundesverfassungsgericht.de\/pressemitteilungen\/bvg11-050.html\" target=\"_blank\">Beschluss<\/a> des Bundesverfassungsgerichts in Karlsruhe hervor.<\/p>\n<p>Ein Mann aus Nordrhein-Westfalen wollte nicht hinnehmen, dass er sein halbes Kindergeld an seine geschiedene Frau abgeben sollte, w\u00e4hrend sie ihre H\u00e4lfte f\u00fcr sich behalten d\u00fcrfe. Das Bundesverfassungsgericht nahm seine Beschwerde allerdings nicht zur Entscheidung an. Denn nach dem neuen Recht geh\u00f6re das Kindergeld nunmehr \u201eden Kindern selbst als deren eigenes Einkommen\u201c. Beide Eltern seien daher verpflichtet, ihren Kindergeldanteil f\u00fcr das Kind zu verwenden. \u201eKein Elternteil darf also den (&#8230;) auf ihn entfallenden Kindergeldanteil mehr f\u00fcr eigene Zwecke nutzen\u201c, so die Verfassungsrichter. Deshalb liege auch keine Ungleichbehandlung zugunsten der Mutter vor.<\/p>\n<p>Dies gilt umso mehr, als die die Anfang 2008 in Kraft getretene Unterhaltsreform sich in aller Regel positiv f\u00fcr die V\u00e4ter auswirkt. Der Grund: Sie verpflichtet den betreuenden Elternteil, meist die Mutter, dazu, deutlich fr\u00fcher wieder arbeiten zu gehen \u2013 und auch mehr zu arbeiten. Nur wenn die Mutter dazu keine M\u00f6glichkeit hat, f\u00fchren die Neuerungen zu einer h\u00f6heren Belastung f\u00fcr den Unterhaltspflichtigen, meist den Vater.<\/p>\n<p><a href=\"http:\/\/www.focus.de\/finanzen\/recht\/bundesverfassungsgericht-vater-scheitert-mit-klage-auf-kindergeld_aid_654343.html \" target=\"_blank\">Quelle<\/a><\/p>\n","protected":false},"excerpt":{"rendered":"<p>Getrennt lebende V\u00e4ter m\u00fcssen es hinnehmen, dass sie nach einere Scheidung mitunter ihren Anteil am Kindergeldes verlieren. Das geht aus einem am Mittwoch ver\u00f6ffentlichten Beschluss des Bundesverfassungsgerichts in Karlsruhe hervor. Ein Mann aus Nordrhein-Westfalen wollte nicht hinnehmen, dass er sein halbes Kindergeld an seine geschiedene Frau abgeben sollte, w\u00e4hrend sie ihre H\u00e4lfte f\u00fcr sich behalten [&hellip;]<\/p>\n","protected":false},"author":1,"featured_media":0,"comment_status":"open","ping_status":"open","sticky":false,"template":"","format":"standard","meta":[],"categories":[27],"tags":[164],"_links":{"self":[{"href":"https:\/\/vaeter-und-karriere.de\/blog\/index.php\/wp-json\/wp\/v2\/posts\/5149"}],"collection":[{"href":"https:\/\/vaeter-und-karriere.de\/blog\/index.php\/wp-json\/wp\/v2\/posts"}],"about":[{"href":"https:\/\/vaeter-und-karriere.de\/blog\/index.php\/wp-json\/wp\/v2\/types\/post"}],"author":[{"embeddable":true,"href":"https:\/\/vaeter-und-karriere.de\/blog\/index.php\/wp-json\/wp\/v2\/users\/1"}],"replies":[{"embeddable":true,"href":"https:\/\/vaeter-und-karriere.de\/blog\/index.php\/wp-json\/wp\/v2\/comments?post=5149"}],"version-history":[{"count":2,"href":"https:\/\/vaeter-und-karriere.de\/blog\/index.php\/wp-json\/wp\/v2\/posts\/5149\/revisions"}],"predecessor-version":[{"id":5151,"href":"https:\/\/vaeter-und-karriere.de\/blog\/index.php\/wp-json\/wp\/v2\/posts\/5149\/revisions\/5151"}],"wp:attachment":[{"href":"https:\/\/vaeter-und-karriere.de\/blog\/index.php\/wp-json\/wp\/v2\/media?parent=5149"}],"wp:term":[{"taxonomy":"category","embeddable":true,"href":"https:\/\/vaeter-und-karriere.de\/blog\/index.php\/wp-json\/wp\/v2\/categories?post=5149"},{"taxonomy":"post_tag","embeddable":true,"href":"https:\/\/vaeter-und-karriere.de\/blog\/index.php\/wp-json\/wp\/v2\/tags?post=5149"}],"curies":[{"name":"wp","href":"https:\/\/api.w.org\/{rel}","templated":true}]}}