{"id":5075,"date":"2011-07-21T16:32:42","date_gmt":"2011-07-21T15:32:42","guid":{"rendered":"http:\/\/vaeter-und-karriere.de\/blog\/?p=5075"},"modified":"2011-07-21T16:32:42","modified_gmt":"2011-07-21T15:32:42","slug":"mehr-manner-in-die-kitas","status":"publish","type":"post","link":"https:\/\/vaeter-und-karriere.de\/blog\/index.php\/2011\/07\/21\/mehr-manner-in-die-kitas\/","title":{"rendered":"Mehr M\u00e4nner in die Kitas"},"content":{"rendered":"<p>Im ErzieherInnen Beruf dominieren nach wie vor Frauen. Eine Situation, die laut einer Online-Befragung im Auftrag des Apothekenmagazins &#8222;<a href=\"http:\/\/www.baby-und-familie.de\/\" target=\"_blank\">BABY und Familie<\/a>&#8220; vielen Eltern nicht gef\u00e4llt.<\/p>\n<p>Etwa drei Viertel (76,3 %) der befragten M\u00fctter und V\u00e4ter von Krippen- oder Kindergartenkindern sind der Ansicht, dass der M\u00e4nneranteil in den Betreuungseinrichtungen f\u00fcr Kinder deutlich erh\u00f6ht werden sollte. Ihnen ist wichtig, dass in der fr\u00fchkindlichen Erziehung Frauen und M\u00e4nner gemeinsam arbeiten.<\/p>\n<p>Ansonsten gibt es f\u00fcr die befragten Eltern wenig Grund zur Klage in Bezug auf das Betreuungspersonal. Sechs von Zehn (60,3 %) sind \u201esehr zufrieden&#8220; mit dessen herzlichem und liebevollem Umgang mit den Kleinen. Viele sind auch mit Ausbildung und Qualifikation der Personen zufrieden, denen sie ihre Kinder anvertrauen. Hier zeigt sich fast jeder Zweite &#8222;sehr zufrieden&#8220; (49 %), 45 % sind zumindest \u201eeher zufrieden&#8220; und nur wenige (6 %) sind \u201eeher\/sehr unzufrieden&#8220;.<\/p>\n<p><a href=\"http:\/\/www.baby-und-familie.de\/Erziehung\/Mehr-Maenner-als-Erzieher-bitte-115579.html \" target=\"_blank\">Quelle<\/a><\/p>\n","protected":false},"excerpt":{"rendered":"<p>Im ErzieherInnen Beruf dominieren nach wie vor Frauen. Eine Situation, die laut einer Online-Befragung im Auftrag des Apothekenmagazins &#8222;BABY und Familie&#8220; vielen Eltern nicht gef\u00e4llt. Etwa drei Viertel (76,3 %) der befragten M\u00fctter und V\u00e4ter von Krippen- oder Kindergartenkindern sind der Ansicht, dass der M\u00e4nneranteil in den Betreuungseinrichtungen f\u00fcr Kinder deutlich erh\u00f6ht werden sollte. Ihnen [&hellip;]<\/p>\n","protected":false},"author":1,"featured_media":0,"comment_status":"open","ping_status":"open","sticky":false,"template":"","format":"standard","meta":[],"categories":[40],"tags":[79],"_links":{"self":[{"href":"https:\/\/vaeter-und-karriere.de\/blog\/index.php\/wp-json\/wp\/v2\/posts\/5075"}],"collection":[{"href":"https:\/\/vaeter-und-karriere.de\/blog\/index.php\/wp-json\/wp\/v2\/posts"}],"about":[{"href":"https:\/\/vaeter-und-karriere.de\/blog\/index.php\/wp-json\/wp\/v2\/types\/post"}],"author":[{"embeddable":true,"href":"https:\/\/vaeter-und-karriere.de\/blog\/index.php\/wp-json\/wp\/v2\/users\/1"}],"replies":[{"embeddable":true,"href":"https:\/\/vaeter-und-karriere.de\/blog\/index.php\/wp-json\/wp\/v2\/comments?post=5075"}],"version-history":[{"count":1,"href":"https:\/\/vaeter-und-karriere.de\/blog\/index.php\/wp-json\/wp\/v2\/posts\/5075\/revisions"}],"predecessor-version":[{"id":5076,"href":"https:\/\/vaeter-und-karriere.de\/blog\/index.php\/wp-json\/wp\/v2\/posts\/5075\/revisions\/5076"}],"wp:attachment":[{"href":"https:\/\/vaeter-und-karriere.de\/blog\/index.php\/wp-json\/wp\/v2\/media?parent=5075"}],"wp:term":[{"taxonomy":"category","embeddable":true,"href":"https:\/\/vaeter-und-karriere.de\/blog\/index.php\/wp-json\/wp\/v2\/categories?post=5075"},{"taxonomy":"post_tag","embeddable":true,"href":"https:\/\/vaeter-und-karriere.de\/blog\/index.php\/wp-json\/wp\/v2\/tags?post=5075"}],"curies":[{"name":"wp","href":"https:\/\/api.w.org\/{rel}","templated":true}]}}