{"id":5062,"date":"2011-07-18T11:33:18","date_gmt":"2011-07-18T10:33:18","guid":{"rendered":"http:\/\/vaeter-und-karriere.de\/blog\/?p=5062"},"modified":"2011-07-19T14:05:03","modified_gmt":"2011-07-19T13:05:03","slug":"europaischer-vater-kongress-in-brussel","status":"publish","type":"post","link":"https:\/\/vaeter-und-karriere.de\/blog\/index.php\/2011\/07\/18\/europaischer-vater-kongress-in-brussel\/","title":{"rendered":"Europ\u00e4ischer V\u00e4ter Kongress in Br\u00fcssel"},"content":{"rendered":"<p>Am 28 Juni wurde bei dem von den <a href=\"http:\/\/www.greens-efa.eu\/de.html \" target=\"_blank\">Gr\u00fcnen\/EFA<\/a> organisierten Europ\u00e4ischen V\u00e4ter Kongress in Br\u00fcssel die Gr\u00fcndung der <a href=\"http:\/\/europeanfathers.files.wordpress.com\" target=\"_blank\">Plattform europ\u00e4ischer V\u00e4ter<\/a> begr\u00fc\u00dft. Aus Deutschland nahmen zwei Vertreter des V\u00e4teraufbruchs f\u00fcr Kinder und Matthias Lindner von verdi an dem Kongress teil.<\/p>\n<p>Die Veranstaltung war als Initiative zur Unterst\u00fctzung der europ\u00e4ischen Rechtsvorschriften zum Vaterschaftsurlaub gedacht.<\/p>\n<p><object classid=\"clsid:d27cdb6e-ae6d-11cf-96b8-444553540000\" width=\"640\" height=\"360\" codebase=\"http:\/\/download.macromedia.com\/pub\/shockwave\/cabs\/flash\/swflash.cab#version=6,0,40,0\"><param name=\"allowScriptAccess\" value=\"always\" \/><param name=\"allowFullscreen\" value=\"true\" \/><param name=\"bgcolor\" value=\"#000000\" \/><param name=\"FlashVars\" value=\"mediaContainerURL=http:\/\/greens-efa-service.org\/medialib\/mp2\/pub\/de\/flvmc2xml\/2565\" \/><param name=\"src\" value=\"http:\/\/www.greenmediabox.eu\/archive\/script\/odp2.swf\" \/><param name=\"flashvars\" value=\"mediaContainerURL=http:\/\/greens-efa-service.org\/medialib\/mp2\/pub\/de\/flvmc2xml\/2565\" \/><param name=\"allowfullscreen\" value=\"true\" \/><embed type=\"application\/x-shockwave-flash\" width=\"640\" height=\"360\" src=\"http:\/\/www.greenmediabox.eu\/archive\/script\/odp2.swf\" flashvars=\"mediaContainerURL=http:\/\/greens-efa-service.org\/medialib\/mp2\/pub\/de\/flvmc2xml\/2565\" bgcolor=\"#000000\" allowfullscreen=\"true\" allowscriptaccess=\"always\"><\/embed><\/object><\/p>\n<p><a href=\"http:\/\/www.greens-efa.eu\/de\/europaeischer-vaeter-kongress-4087.html \" target=\"_blank\">Quelle<\/a><\/p>\n","protected":false},"excerpt":{"rendered":"<p>Am 28 Juni wurde bei dem von den Gr\u00fcnen\/EFA organisierten Europ\u00e4ischen V\u00e4ter Kongress in Br\u00fcssel die Gr\u00fcndung der Plattform europ\u00e4ischer V\u00e4ter begr\u00fc\u00dft. Aus Deutschland nahmen zwei Vertreter des V\u00e4teraufbruchs f\u00fcr Kinder und Matthias Lindner von verdi an dem Kongress teil. Die Veranstaltung war als Initiative zur Unterst\u00fctzung der europ\u00e4ischen Rechtsvorschriften zum Vaterschaftsurlaub gedacht. Quelle<\/p>\n","protected":false},"author":1,"featured_media":0,"comment_status":"open","ping_status":"open","sticky":false,"template":"","format":"standard","meta":[],"categories":[43,2,6],"tags":[87,91,197],"_links":{"self":[{"href":"https:\/\/vaeter-und-karriere.de\/blog\/index.php\/wp-json\/wp\/v2\/posts\/5062"}],"collection":[{"href":"https:\/\/vaeter-und-karriere.de\/blog\/index.php\/wp-json\/wp\/v2\/posts"}],"about":[{"href":"https:\/\/vaeter-und-karriere.de\/blog\/index.php\/wp-json\/wp\/v2\/types\/post"}],"author":[{"embeddable":true,"href":"https:\/\/vaeter-und-karriere.de\/blog\/index.php\/wp-json\/wp\/v2\/users\/1"}],"replies":[{"embeddable":true,"href":"https:\/\/vaeter-und-karriere.de\/blog\/index.php\/wp-json\/wp\/v2\/comments?post=5062"}],"version-history":[{"count":3,"href":"https:\/\/vaeter-und-karriere.de\/blog\/index.php\/wp-json\/wp\/v2\/posts\/5062\/revisions"}],"predecessor-version":[{"id":5069,"href":"https:\/\/vaeter-und-karriere.de\/blog\/index.php\/wp-json\/wp\/v2\/posts\/5062\/revisions\/5069"}],"wp:attachment":[{"href":"https:\/\/vaeter-und-karriere.de\/blog\/index.php\/wp-json\/wp\/v2\/media?parent=5062"}],"wp:term":[{"taxonomy":"category","embeddable":true,"href":"https:\/\/vaeter-und-karriere.de\/blog\/index.php\/wp-json\/wp\/v2\/categories?post=5062"},{"taxonomy":"post_tag","embeddable":true,"href":"https:\/\/vaeter-und-karriere.de\/blog\/index.php\/wp-json\/wp\/v2\/tags?post=5062"}],"curies":[{"name":"wp","href":"https:\/\/api.w.org\/{rel}","templated":true}]}}