{"id":5057,"date":"2011-07-17T22:40:07","date_gmt":"2011-07-17T21:40:07","guid":{"rendered":"http:\/\/vaeter-und-karriere.de\/blog\/?p=5057"},"modified":"2011-07-17T22:40:07","modified_gmt":"2011-07-17T21:40:07","slug":"vater-sohne-lieb-mich-wie-ich-bin","status":"publish","type":"post","link":"https:\/\/vaeter-und-karriere.de\/blog\/index.php\/2011\/07\/17\/vater-sohne-lieb-mich-wie-ich-bin\/","title":{"rendered":"V\u00e4ter &#038; S\u00f6hne &#8211; Lieb&#8216; mich, wie ich bin!"},"content":{"rendered":"<p><a href=\"http:\/\/data.heimat.de\/transform.php?file=http:\/\/data.heimat.de\/pics\/3\/5\/c\/a\/7\/ec_35ca760ff3f8308c8ae25f66c4598e37.jpg\"><img loading=\"lazy\" class=\"alignright\" src=\"http:\/\/data.heimat.de\/transform.php?file=http:\/\/data.heimat.de\/pics\/3\/5\/c\/a\/7\/ec_35ca760ff3f8308c8ae25f66c4598e37.jpg\" alt=\"\" width=\"171\" height=\"242\" \/><\/a>Eine der leidenschaftlichsten, von tragischen Missverst\u00e4ndnissen aufgeladenen Liebesgeschichten der Menschheit ist die Beziehung zwischen Vater und Sohn. Oft handelt es sich um eine entt\u00e4uschte Liebe. Dabei sind hohe Erwartungen an sie gekn\u00fcpft: V\u00e4ter wollen stolz sein auf ihre S\u00f6hne. S\u00f6hne suchen ein Vorbild, Verst\u00e4ndnis und Orientierung.<\/p>\n<p>\u201eLieb\u2019 mich, wie ich bin!\u201c \u2013 Und was wird aus dieser Forderung? V\u00e4ter sind kalt, k\u00f6nnen ihre Gef\u00fchle nicht zeigen. Sie glauben, dass die S\u00f6hne Versager sind und f\u00fchlen sich von ihnen verlassen. Die S\u00f6hne wiederum bek\u00e4mpfen den \u00fcberm\u00e4chtigen Vater, rebellieren mit allen Mitteln und wollen auf keinen Fall so werden wie er. Sie f\u00fchlen sich verletzt und missverstanden. Im Extremfall geh\u00f6ren Vater und Sohn gegens\u00e4tzlichen politischen Str\u00f6mungen an. Oder sie begehren dieselbe Frau &#8230;<\/p>\n<p>Die literarisch-theatrale Collage lotet ein spannungsreiches Liebesverh\u00e4ltnis von der Bibel \u00fcber Turgenjew bis heute aus. Voller Wut revoltierte die Nachkriegsgeneration gegen die in den Nationalsozialismus verstrickten V\u00e4ter. Doch eben denselben vorgeblich antiautorit\u00e4ren Alt-68-V\u00e4tern pr\u00e4sentieren die pragmatischen S\u00f6hne von heute die Abrechnung.<\/p>\n<p>Premiere ist am 5. November 2011, im Studio des <a href=\"http:\/\/www.rlt-neuss.de\" target=\"_blank\">Rheinischen Landestheaters<\/a> in Neuss.<\/p>\n<p><a href=\"http:\/\/www.rlt-neuss.de\/index.php?page=detail_event&amp;id_event_cluster=592759\" target=\"_blank\">Quelle<\/a><\/p>\n","protected":false},"excerpt":{"rendered":"<p>Eine der leidenschaftlichsten, von tragischen Missverst\u00e4ndnissen aufgeladenen Liebesgeschichten der Menschheit ist die Beziehung zwischen Vater und Sohn. Oft handelt es sich um eine entt\u00e4uschte Liebe. Dabei sind hohe Erwartungen an sie gekn\u00fcpft: V\u00e4ter wollen stolz sein auf ihre S\u00f6hne. S\u00f6hne suchen ein Vorbild, Verst\u00e4ndnis und Orientierung. \u201eLieb\u2019 mich, wie ich bin!\u201c \u2013 Und was wird [&hellip;]<\/p>\n","protected":false},"author":1,"featured_media":0,"comment_status":"open","ping_status":"open","sticky":false,"template":"","format":"standard","meta":[],"categories":[128,56,24],"tags":[179],"_links":{"self":[{"href":"https:\/\/vaeter-und-karriere.de\/blog\/index.php\/wp-json\/wp\/v2\/posts\/5057"}],"collection":[{"href":"https:\/\/vaeter-und-karriere.de\/blog\/index.php\/wp-json\/wp\/v2\/posts"}],"about":[{"href":"https:\/\/vaeter-und-karriere.de\/blog\/index.php\/wp-json\/wp\/v2\/types\/post"}],"author":[{"embeddable":true,"href":"https:\/\/vaeter-und-karriere.de\/blog\/index.php\/wp-json\/wp\/v2\/users\/1"}],"replies":[{"embeddable":true,"href":"https:\/\/vaeter-und-karriere.de\/blog\/index.php\/wp-json\/wp\/v2\/comments?post=5057"}],"version-history":[{"count":1,"href":"https:\/\/vaeter-und-karriere.de\/blog\/index.php\/wp-json\/wp\/v2\/posts\/5057\/revisions"}],"predecessor-version":[{"id":5058,"href":"https:\/\/vaeter-und-karriere.de\/blog\/index.php\/wp-json\/wp\/v2\/posts\/5057\/revisions\/5058"}],"wp:attachment":[{"href":"https:\/\/vaeter-und-karriere.de\/blog\/index.php\/wp-json\/wp\/v2\/media?parent=5057"}],"wp:term":[{"taxonomy":"category","embeddable":true,"href":"https:\/\/vaeter-und-karriere.de\/blog\/index.php\/wp-json\/wp\/v2\/categories?post=5057"},{"taxonomy":"post_tag","embeddable":true,"href":"https:\/\/vaeter-und-karriere.de\/blog\/index.php\/wp-json\/wp\/v2\/tags?post=5057"}],"curies":[{"name":"wp","href":"https:\/\/api.w.org\/{rel}","templated":true}]}}