{"id":5031,"date":"2011-07-09T12:03:02","date_gmt":"2011-07-09T11:03:02","guid":{"rendered":"http:\/\/vaeter-und-karriere.de\/blog\/?p=5031"},"modified":"2013-08-05T14:48:45","modified_gmt":"2013-08-05T14:48:45","slug":"vater-und-ihre-kinder-im-mittelpunkt","status":"publish","type":"post","link":"https:\/\/vaeter-und-karriere.de\/blog\/index.php\/2011\/07\/09\/vater-und-ihre-kinder-im-mittelpunkt\/","title":{"rendered":"V\u00e4ter und ihre Kinder im Mittelpunkt"},"content":{"rendered":"<p>Ende Juni war es soweit. Die Sieger des Fotowettbewerbs \u201eV\u00e4terbilder\u201c wurden gek\u00fcrt. Stolze Papas pr\u00e4sentierten sich mit ihren Spr\u00f6sslingen vor der Kamera. In Suhl beim Dianabrunnen k\u00f6nnen die Bilder bestaunt werden.<\/p>\n<p>\u201eV\u00e4terbilder- der Name ist Programm\u201c zeigt einmal ganz andere Seiten der starken M\u00e4nner. \u201eV\u00e4ter sollen sich als das wahrnehmen, was sie sind\u201c, denn \u201eV\u00e4ter geben wichtige nicht ersetzbare Beitr\u00e4ge der Erziehung\u201c, sagte Oberb\u00fcrgermeister Dr. Jens Triebel in der Er\u00f6ffnungsrede. Der zweifache Vater erw\u00e4hnte dabei die Beitr\u00e4ge zur Erziehung, die die Mutter zum Beispiel verboten hat.<\/p>\n<p>Er warb f\u00fcr ein familienfreundliches Suhl und auch Dr. Gunnar Wolf vom B\u00fcro der Th\u00fcringer Gleichstellungsbeauftragten sagte, dass das Leben mit Kindern mehr Spa\u00df machen w\u00fcrde. Beide machten den V\u00e4tern und denen, die es werden wollen, Mut. Kinder geben schlie\u00dflich ein Vielfaches zur\u00fcck. M\u00fctter w\u00fcrden hingegen auf diese Art und Weise einmal eine Auszeit bekommen, die sie nur f\u00fcr sich nutzen k\u00f6nnten, erkl\u00e4rten Beide weiter.<\/p>\n<p>In der Kategorie \u201eSerien\u201c erhielt Peter Zastrow den ersten Preis mit seinem Bild \u201eam langen Arm\u201c. Susi Schreiterer freute sich \u00fcber den zweiten Platz mit dem Titel \u201eAlbert\u201c und den dritten Preis bekam Manuela Hahnebach f\u00fcr ihre Serie \u201eH\u00e4nde und F\u00fc\u00dfe\u201c.<br \/>\nDie Kategorie \u201eEinzelbilder\u201c gewann Cerstin Roth mit ihrer \u201eErstbesteigung\u201c. Mit \u201eDas bisschen Haushalt\u201c, dass den Vater mit Kind beim Aufwaschen zeigt, erzielte Cordelia Gothe den zweiten Platz. Und der dritte Preis ging an Ulrich Pfeufer mit seinem Bild \u201eH\u00e4nde\u201c.<\/p>\n<p>Die besonderen Momente zwischen Vater und Kind wurden auf den 16 Tafeln mit 98 Fotos und vier Fotoserien festgehalten. Die allt\u00e4glichen Begebenheiten, Freude und Freizeitvergn\u00fcgen waren Themen auf den Bildern. Viele interessante Einblicke in das Leben der Familien mit jungem Nachwuchs ist noch bis zum 31. August zu bestaunen.<\/p>\n<p><a href=\"http:\/\/www.dtoday.de\/regionen\/lokal-panorama_artikel,-Kinder-und-ihre-Vaeter-im-Mittelpunkt-_arid,73652.html \" target=\"_blank\">Quelle<\/a><\/p>\n","protected":false},"excerpt":{"rendered":"<p>Ende Juni war es soweit. Die Sieger des Fotowettbewerbs \u201eV\u00e4terbilder\u201c wurden gek\u00fcrt. Stolze Papas pr\u00e4sentierten sich mit ihren Spr\u00f6sslingen vor der Kamera. In Suhl beim Dianabrunnen k\u00f6nnen die Bilder bestaunt werden. \u201eV\u00e4terbilder- der Name ist Programm\u201c zeigt einmal ganz andere Seiten der starken M\u00e4nner. \u201eV\u00e4ter sollen sich als das wahrnehmen, was sie sind\u201c, denn \u201eV\u00e4ter [&hellip;]<\/p>\n","protected":false},"author":1,"featured_media":0,"comment_status":"open","ping_status":"open","sticky":false,"template":"","format":"standard","meta":[],"categories":[24],"tags":[],"_links":{"self":[{"href":"https:\/\/vaeter-und-karriere.de\/blog\/index.php\/wp-json\/wp\/v2\/posts\/5031"}],"collection":[{"href":"https:\/\/vaeter-und-karriere.de\/blog\/index.php\/wp-json\/wp\/v2\/posts"}],"about":[{"href":"https:\/\/vaeter-und-karriere.de\/blog\/index.php\/wp-json\/wp\/v2\/types\/post"}],"author":[{"embeddable":true,"href":"https:\/\/vaeter-und-karriere.de\/blog\/index.php\/wp-json\/wp\/v2\/users\/1"}],"replies":[{"embeddable":true,"href":"https:\/\/vaeter-und-karriere.de\/blog\/index.php\/wp-json\/wp\/v2\/comments?post=5031"}],"version-history":[{"count":2,"href":"https:\/\/vaeter-und-karriere.de\/blog\/index.php\/wp-json\/wp\/v2\/posts\/5031\/revisions"}],"predecessor-version":[{"id":7576,"href":"https:\/\/vaeter-und-karriere.de\/blog\/index.php\/wp-json\/wp\/v2\/posts\/5031\/revisions\/7576"}],"wp:attachment":[{"href":"https:\/\/vaeter-und-karriere.de\/blog\/index.php\/wp-json\/wp\/v2\/media?parent=5031"}],"wp:term":[{"taxonomy":"category","embeddable":true,"href":"https:\/\/vaeter-und-karriere.de\/blog\/index.php\/wp-json\/wp\/v2\/categories?post=5031"},{"taxonomy":"post_tag","embeddable":true,"href":"https:\/\/vaeter-und-karriere.de\/blog\/index.php\/wp-json\/wp\/v2\/tags?post=5031"}],"curies":[{"name":"wp","href":"https:\/\/api.w.org\/{rel}","templated":true}]}}