{"id":4853,"date":"2011-05-30T10:52:30","date_gmt":"2011-05-30T09:52:30","guid":{"rendered":"http:\/\/vaeter-und-karriere.de\/blog\/?p=4853"},"modified":"2011-05-30T10:52:30","modified_gmt":"2011-05-30T09:52:30","slug":"wenn-vater-nicht-da-sind","status":"publish","type":"post","link":"https:\/\/vaeter-und-karriere.de\/blog\/index.php\/2011\/05\/30\/wenn-vater-nicht-da-sind\/","title":{"rendered":"Wenn V\u00e4ter nicht da sind"},"content":{"rendered":"<p>Kinder, die ohne Vater aufwachsen, haben ein hohes Risiko, Auff\u00e4lligkeiten zu entwickeln, sagt Jugendlichenpsychotherapeut <a href=\"http:\/\/www.hf.uni-koeln.de\/30683\" target=\"_blank\">R\u00fcdiger Ki\u00dfgen<\/a>.<\/p>\n<p><a href=\"http:\/\/www.zdf.de\/ZDFmediathek\/beitrag\/video\/1346832\/\"><img loading=\"lazy\" class=\"alignnone size-full wp-image-4855\" title=\"wenn-vaeter-fehlen_60\" src=\"http:\/\/vaeter-und-karriere.de\/blog\/wp-content\/uploads\/2011\/05\/wenn-vaeter-fehlen_60.jpg\" alt=\"wenn-vaeter-fehlen_60\" width=\"550\" height=\"308\" srcset=\"https:\/\/vaeter-und-karriere.de\/blog\/wp-content\/uploads\/2011\/05\/wenn-vaeter-fehlen_60.jpg 550w, https:\/\/vaeter-und-karriere.de\/blog\/wp-content\/uploads\/2011\/05\/wenn-vaeter-fehlen_60-300x168.jpg 300w\" sizes=\"(max-width: 550px) 100vw, 550px\" \/><\/a><\/p>\n","protected":false},"excerpt":{"rendered":"<p>Kinder, die ohne Vater aufwachsen, haben ein hohes Risiko, Auff\u00e4lligkeiten zu entwickeln, sagt Jugendlichenpsychotherapeut R\u00fcdiger Ki\u00dfgen.<\/p>\n","protected":false},"author":1,"featured_media":0,"comment_status":"open","ping_status":"open","sticky":false,"template":"","format":"standard","meta":[],"categories":[182,56,24],"tags":[284],"_links":{"self":[{"href":"https:\/\/vaeter-und-karriere.de\/blog\/index.php\/wp-json\/wp\/v2\/posts\/4853"}],"collection":[{"href":"https:\/\/vaeter-und-karriere.de\/blog\/index.php\/wp-json\/wp\/v2\/posts"}],"about":[{"href":"https:\/\/vaeter-und-karriere.de\/blog\/index.php\/wp-json\/wp\/v2\/types\/post"}],"author":[{"embeddable":true,"href":"https:\/\/vaeter-und-karriere.de\/blog\/index.php\/wp-json\/wp\/v2\/users\/1"}],"replies":[{"embeddable":true,"href":"https:\/\/vaeter-und-karriere.de\/blog\/index.php\/wp-json\/wp\/v2\/comments?post=4853"}],"version-history":[{"count":2,"href":"https:\/\/vaeter-und-karriere.de\/blog\/index.php\/wp-json\/wp\/v2\/posts\/4853\/revisions"}],"predecessor-version":[{"id":4857,"href":"https:\/\/vaeter-und-karriere.de\/blog\/index.php\/wp-json\/wp\/v2\/posts\/4853\/revisions\/4857"}],"wp:attachment":[{"href":"https:\/\/vaeter-und-karriere.de\/blog\/index.php\/wp-json\/wp\/v2\/media?parent=4853"}],"wp:term":[{"taxonomy":"category","embeddable":true,"href":"https:\/\/vaeter-und-karriere.de\/blog\/index.php\/wp-json\/wp\/v2\/categories?post=4853"},{"taxonomy":"post_tag","embeddable":true,"href":"https:\/\/vaeter-und-karriere.de\/blog\/index.php\/wp-json\/wp\/v2\/tags?post=4853"}],"curies":[{"name":"wp","href":"https:\/\/api.w.org\/{rel}","templated":true}]}}