{"id":4822,"date":"2011-05-22T07:59:10","date_gmt":"2011-05-22T06:59:10","guid":{"rendered":"http:\/\/vaeter-und-karriere.de\/blog\/?p=4822"},"modified":"2011-05-22T07:59:10","modified_gmt":"2011-05-22T06:59:10","slug":"vater-tauschen-sich-immer-noch-zu-wenig-aus","status":"publish","type":"post","link":"https:\/\/vaeter-und-karriere.de\/blog\/index.php\/2011\/05\/22\/vater-tauschen-sich-immer-noch-zu-wenig-aus\/","title":{"rendered":"V\u00e4ter tauschen sich immer noch zu wenig aus"},"content":{"rendered":"<p><a href=\"http:\/\/www.amazon.de\/gp\/product\/3980376060\/ref=as_li_ss_tl?ie=UTF8&amp;tag=vaeterblog-21&amp;linkCode=as2&amp;camp=1638&amp;creative=19454&amp;creativeASIN=3980376060\"><img loading=\"lazy\" class=\"alignright\" src=\"http:\/\/www.stadelmann-verlag.de\/img\/hebammen-sprechstunde-klein.jpg\" alt=\"\" width=\"100\" height=\"129\" \/><\/a>Ingeborg Stadelmann, <a href=\"http:\/\/www.stadelmann-verlag.de\/portrait-ingeborg-stadelmann.html\" target=\"_blank\">Hebamme und Autorin<\/a> des Klassikers \u201a<a href=\"http:\/\/www.amazon.de\/gp\/product\/3980376060\/ref=as_li_ss_tl?ie=UTF8&amp;tag=vaeterblog-21&amp;linkCode=as2&amp;camp=1638&amp;creative=19454&amp;creativeASIN=3980376060\" target=\"_blank\">Hebammen \u2013 Sprechstunde<\/a>\u2019 \u00e4u\u00dfert sich im Interview mit dem SZ Magazin zur Rolle der V\u00e4ter bei der Geburt:<\/p>\n<p><strong>\u201a\u2026 Finden Sie es wichtig, dass M\u00e4nner mit in den Krei\u00dfsaal kommen?<br \/>\n<\/strong>Die Frau sollte nicht allein sein, das ist wichtig. Sie braucht jemanden, den sie gut kennt. Trotzdem sollten die M\u00e4nner nicht am Geburtsbett festgebunden werden \u2013 da hat niemand was davon.<\/p>\n<p><strong>Man sieht heute viel mehr M\u00e4nner mit Kinderwagen als vor 15 Jahren. Sind die M\u00e4nner heute andere V\u00e4ter als fr\u00fcher?<br \/>\n<\/strong>Die M\u00e4nner aus den Familien, die ich in den sp\u00e4ten Siebzigern und Achtzigern bei Geburten betreut habe, waren alle sehr engagierte V\u00e4ter. Ich habe das Gef\u00fchl, dass sich das gerade wieder \u00e4ndert. Der Arbeitsplatz steht im Vordergrund, die V\u00e4ter k\u00f6nnen nicht mehr so lang Urlaub nehmen. Es m\u00fcsste eine intensivere Betreuung f\u00fcr V\u00e4ter geben. Ein Vater ist allein nach einem so einschneidenden Erlebnis wie der Geburt eines Kindes. Die Frau kann sich austauschen, mit der Hebamme oder anderen Frauen. Einen \u00bbVaterbegleiter\u00ab gibt es meines Wissens nicht.<\/p>\n<p><strong>Vielleicht reden M\u00e4nner einfach nicht so gern wie Frauen.<br \/>\n<\/strong>Sie k\u00f6nnen das ja auf ihre Art machen, k\u00f6nnen fischen gehen oder bowlen. Wichtig w\u00e4re, unter M\u00e4nnern in der gleichen Situation zu sein. Ich finde, V\u00e4ter tauschen sich immer noch zu wenig aus. \u2026\u2019<\/p>\n<p><a href=\"http:\/\/sz-magazin.sueddeutsche.de\/texte\/anzeigen\/35750 \" target=\"_blank\">Quelle<\/a><\/p>\n","protected":false},"excerpt":{"rendered":"<p>Ingeborg Stadelmann, Hebamme und Autorin des Klassikers \u201aHebammen \u2013 Sprechstunde\u2019 \u00e4u\u00dfert sich im Interview mit dem SZ Magazin zur Rolle der V\u00e4ter bei der Geburt: \u201a\u2026 Finden Sie es wichtig, dass M\u00e4nner mit in den Krei\u00dfsaal kommen? Die Frau sollte nicht allein sein, das ist wichtig. Sie braucht jemanden, den sie gut kennt. Trotzdem sollten [&hellip;]<\/p>\n","protected":false},"author":1,"featured_media":0,"comment_status":"open","ping_status":"open","sticky":false,"template":"","format":"standard","meta":[],"categories":[33,38],"tags":[136],"_links":{"self":[{"href":"https:\/\/vaeter-und-karriere.de\/blog\/index.php\/wp-json\/wp\/v2\/posts\/4822"}],"collection":[{"href":"https:\/\/vaeter-und-karriere.de\/blog\/index.php\/wp-json\/wp\/v2\/posts"}],"about":[{"href":"https:\/\/vaeter-und-karriere.de\/blog\/index.php\/wp-json\/wp\/v2\/types\/post"}],"author":[{"embeddable":true,"href":"https:\/\/vaeter-und-karriere.de\/blog\/index.php\/wp-json\/wp\/v2\/users\/1"}],"replies":[{"embeddable":true,"href":"https:\/\/vaeter-und-karriere.de\/blog\/index.php\/wp-json\/wp\/v2\/comments?post=4822"}],"version-history":[{"count":1,"href":"https:\/\/vaeter-und-karriere.de\/blog\/index.php\/wp-json\/wp\/v2\/posts\/4822\/revisions"}],"predecessor-version":[{"id":4823,"href":"https:\/\/vaeter-und-karriere.de\/blog\/index.php\/wp-json\/wp\/v2\/posts\/4822\/revisions\/4823"}],"wp:attachment":[{"href":"https:\/\/vaeter-und-karriere.de\/blog\/index.php\/wp-json\/wp\/v2\/media?parent=4822"}],"wp:term":[{"taxonomy":"category","embeddable":true,"href":"https:\/\/vaeter-und-karriere.de\/blog\/index.php\/wp-json\/wp\/v2\/categories?post=4822"},{"taxonomy":"post_tag","embeddable":true,"href":"https:\/\/vaeter-und-karriere.de\/blog\/index.php\/wp-json\/wp\/v2\/tags?post=4822"}],"curies":[{"name":"wp","href":"https:\/\/api.w.org\/{rel}","templated":true}]}}