{"id":4585,"date":"2011-03-20T21:04:31","date_gmt":"2011-03-20T20:04:31","guid":{"rendered":"http:\/\/vaeter-und-karriere.de\/blog\/?p=4585"},"modified":"2011-04-05T18:20:18","modified_gmt":"2011-04-05T17:20:18","slug":"leitfaden-fur-arbeitende-vater-erschienen","status":"publish","type":"post","link":"https:\/\/vaeter-und-karriere.de\/blog\/index.php\/2011\/03\/20\/leitfaden-fur-arbeitende-vater-erschienen\/","title":{"rendered":"Leitfaden f\u00fcr arbeitende V\u00e4ter erschienen"},"content":{"rendered":"<p>Im Vorwort der Brosch\u00fcre schreiben die HerausgeberInnen unter anderem: \u201aIn den vergangenen Jahren und Jahrzehnten haben sich die Rollen innerhalb der Familie als solche grundlegend ver\u00e4ndert. W\u00e4hrend bis vor einigen Jahren ausschlie\u00dflich die V\u00e4ter als Ern\u00e4hrer der Familie galten (und somit f\u00fcr den au\u00dferh\u00e4uslichen Bereich zust\u00e4ndig waren), k\u00fcmmerten sich die M\u00fctter um die Erziehung der Kinder und den Haushalt und gingen keiner Berufst\u00e4tigkeit au\u00dferhalb der Familie nach. Das Einkommen der wenigen M\u00fctter die gearbeitet haben, galt h\u00f6chstens als Zuerwerb zum Einkommen der Ehem\u00e4nner. \u2026<\/p>\n<p>Die Herausforderung f\u00fcr die V\u00e4ter besteht darin, sich aktiv an der Erziehung der Kinder zu beteiligen und nicht blo\u00df als Nebendarsteller und Wochenendvater in Erscheinung zu treten. Dadurch k\u00f6nnen sie eine st\u00e4rkere Bindung zu den Kindern aufbauen und direkt auf die seelische und emotionale Entwicklung des Kindes Einfluss nehmen. \u2026<\/p>\n<p>Wissenschaftliche Studien best\u00e4tigen, dass ein engagierter Vater seine Kinder stark pr\u00e4gen kann. V\u00e4terliche F\u00fcrsorge und Emotionalit\u00e4t wirken sich positiv aus und tragen zu einer gesunden Kindesentwicklung bei. V\u00e4ter verhalten sich anders als M\u00fctter, erg\u00e4nzen deren Verhaltensmuster und umgekehrt.<\/p>\n<p>Ziel dieser Brosch\u00fcre ist es, diese \u201eneuen V\u00e4ter\u201c in S\u00fcdtirol \u00fcber ihre Rechte in Bezug auf das Vatersein zu informieren und konkret die M\u00f6glichkeiten und Vorteile des Vaterschaftsurlaubs aufzuzeigen. Sie soll V\u00e4ter anregen, mit ihren Kindern eine engere Bindung einzugehen und dieses Abenteuer als unvergessliches Erlebnis anzusehen.<\/p>\n<p>Zudem m\u00f6chten wir mit den Berichten von engagierten V\u00e4tern alle begeistern und die V\u00e4ter darin best\u00e4tigen, das Abenteuer Vaterschaftsurlaub anzugehen. Eine Hilfestellung bietet auch das Adressenverzeichnis der verschiedenen Anlaufstellen, die im Bereich der Familienpolitik t\u00e4tig sind und die mit Rat und Tat zur Seite stehen.<\/p>\n<p>Liebe V\u00e4ter: Ein Kind ist ein Gro\u00dfprojekt im Leben eines jeden Elternteils. Es ist eine Lebensaufgabe \u2013 auch f\u00fcr V\u00e4ter. Ein engagierter Vater spielt im Leben seiner Kinder eine Hauptrolle. Begn\u00fcgen auch Sie sich nicht mit einer Nebenrolle!\u2019<\/p>\n<p>Das Handbuch gibt es in deutscher und in italienischer Sprache und kann kostenlos beim Frauenb\u00fcro des Landes\u00a0 in Bozen, bei  der Gleichstellungsr\u00e4tin sowie in der Landesabteilung Arbeit bezogen werden.<\/p>\n","protected":false},"excerpt":{"rendered":"<p>Im Vorwort der Brosch\u00fcre schreiben die HerausgeberInnen unter anderem: \u201aIn den vergangenen Jahren und Jahrzehnten haben sich die Rollen innerhalb der Familie als solche grundlegend ver\u00e4ndert. W\u00e4hrend bis vor einigen Jahren ausschlie\u00dflich die V\u00e4ter als Ern\u00e4hrer der Familie galten (und somit f\u00fcr den au\u00dferh\u00e4uslichen Bereich zust\u00e4ndig waren), k\u00fcmmerten sich die M\u00fctter um die Erziehung der [&hellip;]<\/p>\n","protected":false},"author":1,"featured_media":0,"comment_status":"open","ping_status":"open","sticky":false,"template":"","format":"standard","meta":[],"categories":[43,2],"tags":[206,91],"_links":{"self":[{"href":"https:\/\/vaeter-und-karriere.de\/blog\/index.php\/wp-json\/wp\/v2\/posts\/4585"}],"collection":[{"href":"https:\/\/vaeter-und-karriere.de\/blog\/index.php\/wp-json\/wp\/v2\/posts"}],"about":[{"href":"https:\/\/vaeter-und-karriere.de\/blog\/index.php\/wp-json\/wp\/v2\/types\/post"}],"author":[{"embeddable":true,"href":"https:\/\/vaeter-und-karriere.de\/blog\/index.php\/wp-json\/wp\/v2\/users\/1"}],"replies":[{"embeddable":true,"href":"https:\/\/vaeter-und-karriere.de\/blog\/index.php\/wp-json\/wp\/v2\/comments?post=4585"}],"version-history":[{"count":4,"href":"https:\/\/vaeter-und-karriere.de\/blog\/index.php\/wp-json\/wp\/v2\/posts\/4585\/revisions"}],"predecessor-version":[{"id":4587,"href":"https:\/\/vaeter-und-karriere.de\/blog\/index.php\/wp-json\/wp\/v2\/posts\/4585\/revisions\/4587"}],"wp:attachment":[{"href":"https:\/\/vaeter-und-karriere.de\/blog\/index.php\/wp-json\/wp\/v2\/media?parent=4585"}],"wp:term":[{"taxonomy":"category","embeddable":true,"href":"https:\/\/vaeter-und-karriere.de\/blog\/index.php\/wp-json\/wp\/v2\/categories?post=4585"},{"taxonomy":"post_tag","embeddable":true,"href":"https:\/\/vaeter-und-karriere.de\/blog\/index.php\/wp-json\/wp\/v2\/tags?post=4585"}],"curies":[{"name":"wp","href":"https:\/\/api.w.org\/{rel}","templated":true}]}}