{"id":40,"date":"2006-08-20T18:25:03","date_gmt":"2006-08-20T16:25:03","guid":{"rendered":"http:\/\/vaeter-und-karriere.de\/blog\/index.php\/2006\/08\/20\/24-stunden-bleiben-24-stunden\/"},"modified":"2006-08-20T18:25:03","modified_gmt":"2006-08-20T16:25:03","slug":"24-stunden-bleiben-24-stunden","status":"publish","type":"post","link":"https:\/\/vaeter-und-karriere.de\/blog\/index.php\/2006\/08\/20\/24-stunden-bleiben-24-stunden\/","title":{"rendered":"24 Stunden bleiben 24 Stunden"},"content":{"rendered":"<p>Die selbst gestellte Frage &#8218;Wird die Zeit knapp?&#8216; beantwortet sich Alexander Greisle im <a target=\"_blank\" href=\"http:\/\/future.germanblogs.de\/archive\/2006\/08\/19\/1u6gqepoybev7.htm#fulltext\">future blog<\/a> mit einem zweifachen &#8218;Nein!&#8216;. Erstens: siehe oben und<br \/>\n&#8218;Zweitens werden wir lernen m\u00fcssen, mit unseren (jetzt noch) schlechten Gewissen umzugehen, wenn im verf\u00fcgbaren Zeitbudget eine Arbeit nicht zur vollst\u00e4ndigen eigenen Zufriedenheit erledigt wurde. Nur dann klappt es mit den Zeitbudgets und die nicht-beruflichen Belange behalten ihren Stellenwert.&#8216;<\/p>\n<p>Eine ausf\u00fchrliche Auseinandersetzung mit dem Thema bietet das <a target=\"_blank\" href=\"http:\/\/www.dji.de\/bulletin\/d_bull_d\/bull74_d\/DJIB_74.pdf\">aktuelle Bulletin<\/a> des Deutschen Jugendinsituts. In den Beitr\u00e4gen geht es unter anderem um die Themen &#8218;Familienzeit&#8216;, &#8218;Entgrenzte Arbeit &#8211; entgrenzte Familie&#8216; und &#8218;M\u00e4nner und Familiengr\u00fcndung&#8216;. Dort hei\u00dft es im Fazit: &#8222;Durch den gegenw\u00e4rtigen Sprachgebrauch &#8218;Balance von Arbeit und Leben&#8216; wird der individuelle Akt des allt\u00e4glichen Ausbalancierens hervorgehoben. Um die Bereitschaft zur Familiengr\u00fcndung zu erh\u00f6hen, d\u00fcrfen jedoch die gesellschaftlich &#8211; strukturellen Rahmenbedingungen nicht aus dem Blick geraten.&#8220;<\/p>\n","protected":false},"excerpt":{"rendered":"<p>Die selbst gestellte Frage &#8218;Wird die Zeit knapp?&#8216; beantwortet sich Alexander Greisle im future blog mit einem zweifachen &#8218;Nein!&#8216;. Erstens: siehe oben und &#8218;Zweitens werden wir lernen m\u00fcssen, mit unseren (jetzt noch) schlechten Gewissen umzugehen, wenn im verf\u00fcgbaren Zeitbudget eine Arbeit nicht zur vollst\u00e4ndigen eigenen Zufriedenheit erledigt wurde. Nur dann klappt es mit den Zeitbudgets [&hellip;]<\/p>\n","protected":false},"author":1,"featured_media":0,"comment_status":"open","ping_status":"open","sticky":false,"template":"","format":"standard","meta":[],"categories":[1],"tags":[],"_links":{"self":[{"href":"https:\/\/vaeter-und-karriere.de\/blog\/index.php\/wp-json\/wp\/v2\/posts\/40"}],"collection":[{"href":"https:\/\/vaeter-und-karriere.de\/blog\/index.php\/wp-json\/wp\/v2\/posts"}],"about":[{"href":"https:\/\/vaeter-und-karriere.de\/blog\/index.php\/wp-json\/wp\/v2\/types\/post"}],"author":[{"embeddable":true,"href":"https:\/\/vaeter-und-karriere.de\/blog\/index.php\/wp-json\/wp\/v2\/users\/1"}],"replies":[{"embeddable":true,"href":"https:\/\/vaeter-und-karriere.de\/blog\/index.php\/wp-json\/wp\/v2\/comments?post=40"}],"version-history":[{"count":0,"href":"https:\/\/vaeter-und-karriere.de\/blog\/index.php\/wp-json\/wp\/v2\/posts\/40\/revisions"}],"wp:attachment":[{"href":"https:\/\/vaeter-und-karriere.de\/blog\/index.php\/wp-json\/wp\/v2\/media?parent=40"}],"wp:term":[{"taxonomy":"category","embeddable":true,"href":"https:\/\/vaeter-und-karriere.de\/blog\/index.php\/wp-json\/wp\/v2\/categories?post=40"},{"taxonomy":"post_tag","embeddable":true,"href":"https:\/\/vaeter-und-karriere.de\/blog\/index.php\/wp-json\/wp\/v2\/tags?post=40"}],"curies":[{"name":"wp","href":"https:\/\/api.w.org\/{rel}","templated":true}]}}