{"id":3933,"date":"2010-10-31T13:29:28","date_gmt":"2010-10-31T12:29:28","guid":{"rendered":"http:\/\/vaeter-und-karriere.de\/blog\/?p=3933"},"modified":"2010-11-01T13:49:27","modified_gmt":"2010-11-01T12:49:27","slug":"mindestens-jedes-funfte-opfer-hauslicher-gewalt-ist-ein-mann","status":"publish","type":"post","link":"https:\/\/vaeter-und-karriere.de\/blog\/index.php\/2010\/10\/31\/mindestens-jedes-funfte-opfer-hauslicher-gewalt-ist-ein-mann\/","title":{"rendered":"(Mindestens) jedes f\u00fcnfte Opfer h\u00e4uslicher Gewalt ist ein Mann"},"content":{"rendered":"<p><a href=\"http:\/\/www.opferberatungzh.ch\/\"><img loading=\"lazy\" class=\"alignright\" src=\"http:\/\/www.sonntagonline.ch\/content\/1288464830.jpg \" alt=\"\" width=\"200\" height=\"280\" \/><\/a>Das Schweizer Bundesamt f\u00fcr Statistik hat f\u00fcr das Jahr 2009 auf der Grundlage von Polizeidaten ausgewertet, zu wie vielen m\u00e4nnlichen und weiblichen Opfern h\u00e4usliche Gewalt f\u00fchrt.<\/p>\n<p>Demnach ist bei T\u00f6tung oder versuchter T\u00f6tung in 31 % der F\u00e4lle das Opfer ein Mann und die T\u00e4terin eine Frau. Bei schwerer K\u00f6rperverletzung sind es 21 %, bei einfacher K\u00f6rperverletzung 17 %. Insgesamt betr\u00e4gt der Frauenanteil bei den Gewaltdelikten in Beziehungen 20 %.<\/p>\n<p>Tats\u00e4chlich liegt der Wert noch h\u00f6her, \u00abDie Dunkelziffer ist gross, viele M\u00e4nner sch\u00e4men sich\u00bb, best\u00e4tigt Dori Schaer-Born, Pr\u00e4sidentin der Berner Fachkommission f\u00fcr Gleichstellungsfragen. Eine Gewalttat stehe \u00abim Widerspruch zum m\u00e4nnlichen Rollenbild\u00bb. Zudem w\u00fcrden viele M\u00e4nner \u00abnicht Ernst genommen, wenn sie sich bei der Polizei melden\u00bb.<\/p>\n<p>Gem\u00e4ss der Z\u00fcrcher Kantonspolizei hat die Gewaltbereitschaft der Frauen in den letzten Jahren zugenommen. \u00abFrauen sind eher bereit, t\u00e4tlich zu werden\u00bb, sagt Pressechef Mario Cortesi.<\/p>\n<p>Laut ausl\u00e4ndischen Studien sind die h\u00e4ufigsten Motive f\u00fcr Gewalthandlungen durch Frauen Zwang, \u00c4rger und der Wunsch, den Partner f\u00fcr schlechtes Benehmen, besonders f\u00fcr Untreue, zu bestrafen. <a href=\"http:\/\/www.vaterverbot.at\/fileadmin\/downloads\/studien\/gewaltbericht_vaterverbot_2010.pdf \" target=\"_blank\">Trennung und Scheidung<\/a> gelten als besonders hohe Risikofaktoren f\u00fcr partnerschaftliche Aggressionen. Oft spielten Eifersucht, das Bed\u00fcrfnis nach Macht und Kontrolle, aber auch allgemeine Frustration und Stress eine Rolle.<\/p>\n<p><a href=\"http:\/\/www.sonntagonline.ch\/index.php?g=0&amp;show=news&amp;type=aktuell&amp;id=1302#gallery\" target=\"_blank\">Quelle<\/a><\/p>\n","protected":false},"excerpt":{"rendered":"<p>Das Schweizer Bundesamt f\u00fcr Statistik hat f\u00fcr das Jahr 2009 auf der Grundlage von Polizeidaten ausgewertet, zu wie vielen m\u00e4nnlichen und weiblichen Opfern h\u00e4usliche Gewalt f\u00fchrt. Demnach ist bei T\u00f6tung oder versuchter T\u00f6tung in 31 % der F\u00e4lle das Opfer ein Mann und die T\u00e4terin eine Frau. Bei schwerer K\u00f6rperverletzung sind es 21 %, bei [&hellip;]<\/p>\n","protected":false},"author":1,"featured_media":0,"comment_status":"open","ping_status":"open","sticky":false,"template":"","format":"standard","meta":[],"categories":[39,33],"tags":[181],"_links":{"self":[{"href":"https:\/\/vaeter-und-karriere.de\/blog\/index.php\/wp-json\/wp\/v2\/posts\/3933"}],"collection":[{"href":"https:\/\/vaeter-und-karriere.de\/blog\/index.php\/wp-json\/wp\/v2\/posts"}],"about":[{"href":"https:\/\/vaeter-und-karriere.de\/blog\/index.php\/wp-json\/wp\/v2\/types\/post"}],"author":[{"embeddable":true,"href":"https:\/\/vaeter-und-karriere.de\/blog\/index.php\/wp-json\/wp\/v2\/users\/1"}],"replies":[{"embeddable":true,"href":"https:\/\/vaeter-und-karriere.de\/blog\/index.php\/wp-json\/wp\/v2\/comments?post=3933"}],"version-history":[{"count":1,"href":"https:\/\/vaeter-und-karriere.de\/blog\/index.php\/wp-json\/wp\/v2\/posts\/3933\/revisions"}],"predecessor-version":[{"id":3934,"href":"https:\/\/vaeter-und-karriere.de\/blog\/index.php\/wp-json\/wp\/v2\/posts\/3933\/revisions\/3934"}],"wp:attachment":[{"href":"https:\/\/vaeter-und-karriere.de\/blog\/index.php\/wp-json\/wp\/v2\/media?parent=3933"}],"wp:term":[{"taxonomy":"category","embeddable":true,"href":"https:\/\/vaeter-und-karriere.de\/blog\/index.php\/wp-json\/wp\/v2\/categories?post=3933"},{"taxonomy":"post_tag","embeddable":true,"href":"https:\/\/vaeter-und-karriere.de\/blog\/index.php\/wp-json\/wp\/v2\/tags?post=3933"}],"curies":[{"name":"wp","href":"https:\/\/api.w.org\/{rel}","templated":true}]}}