{"id":3895,"date":"2010-10-24T09:17:23","date_gmt":"2010-10-24T08:17:23","guid":{"rendered":"http:\/\/vaeter-und-karriere.de\/blog\/?p=3895"},"modified":"2010-10-26T09:18:10","modified_gmt":"2010-10-26T08:18:10","slug":"kinder-brauchen-vater-vater-brauchen-kinder","status":"publish","type":"post","link":"https:\/\/vaeter-und-karriere.de\/blog\/index.php\/2010\/10\/24\/kinder-brauchen-vater-vater-brauchen-kinder\/","title":{"rendered":"Kinder brauchen V\u00e4ter &#8211; V\u00e4ter brauchen Kinder"},"content":{"rendered":"<p><a href=\"http:\/\/www.kath-kirche-kaernten.at\/upload\/68481_Print%20Flyer%20Maennertag%202010.pdf \"><img loading=\"lazy\" class=\"alignright\" src=\"http:\/\/www.freshdads.com\/sites\/default\/files\/M%C3%A4nnertag_1.jpg\" alt=\"\" width=\"203\" height=\"287\" \/><\/a>Anl\u00e4sslich des internationalen M\u00e4nnertags am 3. November laden das Katholische Familienwerk, die M\u00e4nnerberatung des K\u00e4rntner Caritasverbandes und der Verein \u201eMann-sein\u201c zum K\u00e4rntner M\u00e4nnertag ein. Mit einem Workshop und einem Vortrag werden aktuelle Themen des \u201eMann-seins\u201c behandelt. Im Anschluss gibt es Gelegenheit zu Diskussion und Austausch.<\/p>\n<p><strong>\u201eKinder brauchen V\u00e4ter &#8211; V\u00e4ter brauchen Kinder\u201c &#8211; <\/strong>Immer mehr M\u00e4nner nehmen ihre Vaterrolle heute bewusst war und wollen dabei ihren Beitrag leisten. Dabei ergeben sich \u2013 \u00e4hnlich wie in anderen Lebensbereichen \u2013 kleinere und gr\u00f6\u00dfere Herausforderungen und Probleme. In diesem Workshop werden sich die Teilnehmenden gemeinsam den alten und neuen Herausforderungen ann\u00e4hern und mit verschiedenen M\u00f6glichkeiten des Vaterseins besch\u00e4ftigen. Durch co-kreative \u00dcbungen und in der Diskussion werden neue Handlungsideen erarbeitet.<\/p>\n<p><strong>Das miserable Geschlecht? M\u00e4nner zwischen Selbstbewusstsein und Misandrie &#8211; <\/strong>\u00dcber M\u00e4nnlichkeit und V\u00e4terlichkeit wird heute anhaltend viel geredet. M\u00e4nner gelten heute immer deutlicher als das seelisch und k\u00f6rperlich belastetere Geschlecht. Von &#8222;Krise der M\u00e4nnlichkeit oder &#8222;Jungenkrise&#8220; ist gar die Rede. Gleichzeitig scheint sich \u2013 nicht zuletzt durch die Kritik herrschender M\u00e4nnlichkeit, wie sie auch gerechtfertigter Weise von der Frauenbewegung ge\u00fcbt wird &#8211; eine pauschalierende \u201eMisandrie\u201c, ein Ver\u00e4chtlichmachen von M\u00e4nnlichkeit breit zu machen. Dabei schwingen oft versteckte oder auch offene Vorwurfshaltungen und moralische Verurteilungen m\u00e4nnlicher Lebensweisen mit.<br \/>\n<a href=\"http:\/\/www.uibk.ac.at\/ezwi\/mitarbeiterinnen\/aigner_josef\/ \" target=\"_blank\">Josef Christian Aigner<\/a><strong> <\/strong>versucht in seinem Vortrag, M\u00e4nnlichkeit und V\u00e4terlichkeit in einer schwierigen und widerspruchsvollen Zeit zu rehabilitieren und die Ressourcen engagierter M\u00e4nnlichkeit aufzuzeigen.<\/p>\n<p>N\u00e4here Informationen zum Programm gibt es <a href=\"http:\/\/www.kath-kirche-kaernten.at\/upload\/68481_Print%20Flyer%20Maennertag%202010.pdf \" target=\"_blank\">hier<\/a>.<\/p>\n<p><a href=\"http:\/\/www.freshdads.com\/magazin\/3-k%C3%A4rtner-m%C3%A4nnertag-mit-vortr%C3%A4gen-und-workshop-am-internationalen-m%C3%A4nnertag \" target=\"_blank\">Quelle<\/a><\/p>\n","protected":false},"excerpt":{"rendered":"<p>Anl\u00e4sslich des internationalen M\u00e4nnertags am 3. November laden das Katholische Familienwerk, die M\u00e4nnerberatung des K\u00e4rntner Caritasverbandes und der Verein \u201eMann-sein\u201c zum K\u00e4rntner M\u00e4nnertag ein. Mit einem Workshop und einem Vortrag werden aktuelle Themen des \u201eMann-seins\u201c behandelt. Im Anschluss gibt es Gelegenheit zu Diskussion und Austausch. \u201eKinder brauchen V\u00e4ter &#8211; V\u00e4ter brauchen Kinder\u201c &#8211; Immer mehr [&hellip;]<\/p>\n","protected":false},"author":1,"featured_media":0,"comment_status":"open","ping_status":"open","sticky":false,"template":"","format":"standard","meta":[],"categories":[33,56],"tags":[197],"_links":{"self":[{"href":"https:\/\/vaeter-und-karriere.de\/blog\/index.php\/wp-json\/wp\/v2\/posts\/3895"}],"collection":[{"href":"https:\/\/vaeter-und-karriere.de\/blog\/index.php\/wp-json\/wp\/v2\/posts"}],"about":[{"href":"https:\/\/vaeter-und-karriere.de\/blog\/index.php\/wp-json\/wp\/v2\/types\/post"}],"author":[{"embeddable":true,"href":"https:\/\/vaeter-und-karriere.de\/blog\/index.php\/wp-json\/wp\/v2\/users\/1"}],"replies":[{"embeddable":true,"href":"https:\/\/vaeter-und-karriere.de\/blog\/index.php\/wp-json\/wp\/v2\/comments?post=3895"}],"version-history":[{"count":2,"href":"https:\/\/vaeter-und-karriere.de\/blog\/index.php\/wp-json\/wp\/v2\/posts\/3895\/revisions"}],"predecessor-version":[{"id":3897,"href":"https:\/\/vaeter-und-karriere.de\/blog\/index.php\/wp-json\/wp\/v2\/posts\/3895\/revisions\/3897"}],"wp:attachment":[{"href":"https:\/\/vaeter-und-karriere.de\/blog\/index.php\/wp-json\/wp\/v2\/media?parent=3895"}],"wp:term":[{"taxonomy":"category","embeddable":true,"href":"https:\/\/vaeter-und-karriere.de\/blog\/index.php\/wp-json\/wp\/v2\/categories?post=3895"},{"taxonomy":"post_tag","embeddable":true,"href":"https:\/\/vaeter-und-karriere.de\/blog\/index.php\/wp-json\/wp\/v2\/tags?post=3895"}],"curies":[{"name":"wp","href":"https:\/\/api.w.org\/{rel}","templated":true}]}}