{"id":388,"date":"2007-03-19T19:45:05","date_gmt":"2007-03-19T17:45:05","guid":{"rendered":"http:\/\/vaeter-und-karriere.de\/blog\/index.php\/2007\/03\/19\/hansel-und-gretel-20\/"},"modified":"2007-03-19T19:46:38","modified_gmt":"2007-03-19T17:46:38","slug":"hansel-und-gretel-20","status":"publish","type":"post","link":"https:\/\/vaeter-und-karriere.de\/blog\/index.php\/2007\/03\/19\/hansel-und-gretel-20\/","title":{"rendered":"H\u00e4nsel und Gretel 2.0"},"content":{"rendered":"<p class=\"MsoNormal\" style=\"margin-top: 6pt\">\n<p class=\"MsoNormal\" style=\"margin-top: 6pt\"><span style=\"font-size: 10pt; font-family: Verdana\"><a target=\"_blank\" href=\"http:\/\/www.spiegel.de\/panorama\/0,1518,472552,00.html\">Spiegel Online<\/a> erz\u00e4hlt heute eine Geschichte, die leider kein M\u00e4rchen ist. <\/span><\/p>\n<p class=\"MsoNormal\" style=\"margin-top: 6pt\"><span style=\"font-size: 10pt; font-family: Verdana\">Wie aus einer Szene bei &#8222;<a target=\"_blank\" href=\"http:\/\/de.wikipedia.org\/wiki\/H%C3%A4nsel_und_Gretel\">H\u00e4nsel und Gretel<\/a>&#8222;: Weil sie ihr Zimmer nicht aufger\u00e4umt hatten, sind zwei kleine M\u00e4dchen im baden-w\u00fcrttembergischen Uttenweiler von ihren Eltern im Wald ausgesetzt worden.<\/span><\/p>\n<p class=\"MsoNormal\" style=\"margin-top: 6pt\"><span style=\"font-size: 10pt; font-family: Verdana\">Es handele sich um eine &#8222;einigerma\u00dfen intakte&#8220; Familie, sagte der Polizeisprecher. Allerdings seien die 29-j\u00e4hrige Mutter und ihr 24-j\u00e4hriger Lebensgef\u00e4hrte &#8230; deutlich \u00fcberfordert.<\/span><\/p>\n<p class=\"MsoNormal\" style=\"margin-top: 6pt\"><span style=\"font-size: 10pt; font-family: Verdana\">Die ausgesetzten Kinder h\u00e4tten sich &#8222;total gefreut&#8220;, als sie ihre Familie wieder gesehen h\u00e4tten, die Eltern umgekehrt ebenso. Die Mutter hatte ihren vier und sieben Jahre alten T\u00f6chtern nach den Ermittlungen der Polizei angedroht: &#8222;Wenn ihr nicht aufr\u00e4umt, kommt ihr in den Wald.&#8220;<\/span><\/p>\n<p class=\"MsoNormal\" style=\"margin-top: 6pt\"><span style=\"font-size: 10pt; font-family: Verdana\">Kurz darauf habe sie diese Drohung mit ihrem Lebensgef\u00e4hrten auch wahr gemacht. Der 24-J\u00e4hrige fuhr die M\u00e4dchen zu einem einige Kilometer entfernten Waldgebiet, wo er die Kinder mit einer Decke und Spielsachen absetzte und davonfuhr.<\/span><\/p>\n","protected":false},"excerpt":{"rendered":"<p>Spiegel Online erz\u00e4hlt heute eine Geschichte, die leider kein M\u00e4rchen ist. Wie aus einer Szene bei &#8222;H\u00e4nsel und Gretel&#8222;: Weil sie ihr Zimmer nicht aufger\u00e4umt hatten, sind zwei kleine M\u00e4dchen im baden-w\u00fcrttembergischen Uttenweiler von ihren Eltern im Wald ausgesetzt worden. Es handele sich um eine &#8222;einigerma\u00dfen intakte&#8220; Familie, sagte der Polizeisprecher. Allerdings seien die 29-j\u00e4hrige [&hellip;]<\/p>\n","protected":false},"author":1,"featured_media":0,"comment_status":"open","ping_status":"open","sticky":false,"template":"","format":"standard","meta":[],"categories":[18],"tags":[],"_links":{"self":[{"href":"https:\/\/vaeter-und-karriere.de\/blog\/index.php\/wp-json\/wp\/v2\/posts\/388"}],"collection":[{"href":"https:\/\/vaeter-und-karriere.de\/blog\/index.php\/wp-json\/wp\/v2\/posts"}],"about":[{"href":"https:\/\/vaeter-und-karriere.de\/blog\/index.php\/wp-json\/wp\/v2\/types\/post"}],"author":[{"embeddable":true,"href":"https:\/\/vaeter-und-karriere.de\/blog\/index.php\/wp-json\/wp\/v2\/users\/1"}],"replies":[{"embeddable":true,"href":"https:\/\/vaeter-und-karriere.de\/blog\/index.php\/wp-json\/wp\/v2\/comments?post=388"}],"version-history":[{"count":0,"href":"https:\/\/vaeter-und-karriere.de\/blog\/index.php\/wp-json\/wp\/v2\/posts\/388\/revisions"}],"wp:attachment":[{"href":"https:\/\/vaeter-und-karriere.de\/blog\/index.php\/wp-json\/wp\/v2\/media?parent=388"}],"wp:term":[{"taxonomy":"category","embeddable":true,"href":"https:\/\/vaeter-und-karriere.de\/blog\/index.php\/wp-json\/wp\/v2\/categories?post=388"},{"taxonomy":"post_tag","embeddable":true,"href":"https:\/\/vaeter-und-karriere.de\/blog\/index.php\/wp-json\/wp\/v2\/tags?post=388"}],"curies":[{"name":"wp","href":"https:\/\/api.w.org\/{rel}","templated":true}]}}