{"id":387,"date":"2007-03-19T12:39:51","date_gmt":"2007-03-19T10:39:51","guid":{"rendered":"http:\/\/vaeter-und-karriere.de\/blog\/index.php\/2007\/03\/19\/trainingslager-fur-den-kreissaal\/"},"modified":"2007-03-19T12:42:41","modified_gmt":"2007-03-19T10:42:41","slug":"trainingslager-fur-den-kreissaal","status":"publish","type":"post","link":"https:\/\/vaeter-und-karriere.de\/blog\/index.php\/2007\/03\/19\/trainingslager-fur-den-kreissaal\/","title":{"rendered":"Trainingslager f\u00fcr den Krei\u00dfsaal"},"content":{"rendered":"<p class=\"MsoNormal\" style=\"margin-top: 6pt\"><span style=\"font-size: 10pt; font-family: Verdana\">\u201aIm Krei\u00dfsaal wird so mancher Mann zur Maus\u2019 behauptet <a target=\"_blank\" href=\"http:\/\/www.focus.de\/gesundheit\/baby\/news\/vaeter_aid_51005.html\">Focus Online<\/a>. Das muss aber keineswegs so sein: mit speziellen <a target=\"_blank\" href=\"http:\/\/www.papainstitut.de\">Geburtsvorbereitungskursen<\/a> f\u00fcr werdende V\u00e4ter l\u00e4sst sich das \u00e4ndern.<\/span><\/p>\n<p class=\"MsoNormal\" style=\"margin-top: 6pt\"><span style=\"font-size: 10pt; font-family: Verdana\">Nach Sch\u00e4tzungen des <a target=\"_blank\" href=\"http:\/\/www.bvf.de\/\">Berufsverbandes der Frauen\u00e4rzte<\/a> begleiten heute rund 80 Prozent der werdenden V\u00e4ter ihre Partnerinnen in den Krei\u00dfsaal. \u201eVielen ist aber nicht wirklich klar, was sie dort sollen, was medizinisch passiert und wie sie ihre Frau unterst\u00fctzen k\u00f6nnen\u201c, sagt Michael Abou-Dakn, der Chefarzt am Berliner <a target=\"_blank\" href=\"http:\/\/sjk.webfox01.de\/fachabteilungen\">St. Joseph- Krankenhaus<\/a>. Entweder f\u00fchlten sich die V\u00e4ter \u00fcberfl\u00fcssig oder sie versuchen, den Oberaufpasser zu geben. F\u00fcr die Harmonie der Geburt sei das nicht f\u00f6rderlich.<\/span><\/p>\n<p class=\"MsoNormal\" style=\"margin-top: 6pt\"><strong><span style=\"font-size: 10pt; font-family: Verdana\">Albtraum Krei\u00dfsaal<\/span><\/strong><\/p>\n<p class=\"MsoNormal\" style=\"margin-top: 6pt\"><span style=\"font-size: 10pt; font-family: Verdana\">Allein unter Frauen im Krei\u00dfsaal, mit Hebamme, Krankenschwestern und \u00c4rztinnen rundherum \u2013 allein das sei ein Albtraum f\u00fcr viele M\u00e4nner, berichtet der Gyn\u00e4kologe. Darum gibt es im St. Joseph- Krankenhaus inzwischen Kurse f\u00fcr werdende V\u00e4ter. \u201eEs geht darum, unter M\u00e4nnern \u00fcber \u00c4ngste und Rollenverst\u00e4ndnisse zu sprechen\u201c, erl\u00e4utert der Chefarzt. Fragen lauten zum Beispiel: Wie habe ich meinen Vater erlebt und wie will ich selbst als Vater sein?<\/span><\/p>\n<p class=\"MsoNormal\" style=\"margin-top: 6pt\"><span style=\"font-size: 10pt; font-family: Verdana\">Im Berliner St. Josef Krankenhaus findet \u00fcbrigens am kommenden Wochenende eine <a target=\"_blank\" href=\"http:\/\/www.vaeter-und-karriere.de\/downloads\/2vaetersymposiummail.pdf\">internationale Fachtagung<\/a> zum Thema \u201aDie Bedeutung des Vaters rund um die Geburt&#8216; statt.<\/span><\/p>\n","protected":false},"excerpt":{"rendered":"<p>\u201aIm Krei\u00dfsaal wird so mancher Mann zur Maus\u2019 behauptet Focus Online. Das muss aber keineswegs so sein: mit speziellen Geburtsvorbereitungskursen f\u00fcr werdende V\u00e4ter l\u00e4sst sich das \u00e4ndern. Nach Sch\u00e4tzungen des Berufsverbandes der Frauen\u00e4rzte begleiten heute rund 80 Prozent der werdenden V\u00e4ter ihre Partnerinnen in den Krei\u00dfsaal. \u201eVielen ist aber nicht wirklich klar, was sie dort [&hellip;]<\/p>\n","protected":false},"author":1,"featured_media":0,"comment_status":"open","ping_status":"open","sticky":false,"template":"","format":"standard","meta":[],"categories":[38],"tags":[],"_links":{"self":[{"href":"https:\/\/vaeter-und-karriere.de\/blog\/index.php\/wp-json\/wp\/v2\/posts\/387"}],"collection":[{"href":"https:\/\/vaeter-und-karriere.de\/blog\/index.php\/wp-json\/wp\/v2\/posts"}],"about":[{"href":"https:\/\/vaeter-und-karriere.de\/blog\/index.php\/wp-json\/wp\/v2\/types\/post"}],"author":[{"embeddable":true,"href":"https:\/\/vaeter-und-karriere.de\/blog\/index.php\/wp-json\/wp\/v2\/users\/1"}],"replies":[{"embeddable":true,"href":"https:\/\/vaeter-und-karriere.de\/blog\/index.php\/wp-json\/wp\/v2\/comments?post=387"}],"version-history":[{"count":0,"href":"https:\/\/vaeter-und-karriere.de\/blog\/index.php\/wp-json\/wp\/v2\/posts\/387\/revisions"}],"wp:attachment":[{"href":"https:\/\/vaeter-und-karriere.de\/blog\/index.php\/wp-json\/wp\/v2\/media?parent=387"}],"wp:term":[{"taxonomy":"category","embeddable":true,"href":"https:\/\/vaeter-und-karriere.de\/blog\/index.php\/wp-json\/wp\/v2\/categories?post=387"},{"taxonomy":"post_tag","embeddable":true,"href":"https:\/\/vaeter-und-karriere.de\/blog\/index.php\/wp-json\/wp\/v2\/tags?post=387"}],"curies":[{"name":"wp","href":"https:\/\/api.w.org\/{rel}","templated":true}]}}