{"id":386,"date":"2007-03-18T12:50:12","date_gmt":"2007-03-18T10:50:12","guid":{"rendered":"http:\/\/vaeter-und-karriere.de\/blog\/index.php\/2007\/03\/18\/wir-mussen-unser-land-auch-fur-die-vater-verandern\/"},"modified":"2007-03-18T12:50:12","modified_gmt":"2007-03-18T10:50:12","slug":"wir-mussen-unser-land-auch-fur-die-vater-verandern","status":"publish","type":"post","link":"https:\/\/vaeter-und-karriere.de\/blog\/index.php\/2007\/03\/18\/wir-mussen-unser-land-auch-fur-die-vater-verandern\/","title":{"rendered":"Wir m\u00fcssen unser Land auch f\u00fcr die V\u00e4ter ver\u00e4ndern"},"content":{"rendered":"<p style=\"margin-top: 6pt\" class=\"MsoNormal\"><span style=\"font-size: 10pt; font-family: Verdana\">Am Montag erscheint unter dem Titel \u201e<a target=\"_blank\" href=\"http:\/\/www.amazon.de\/m%C3%BCssen-Frauen-ver%C3%A4ndern-Welser-Gespr%C3%A4ch\/dp\/3570009599\">Wir m\u00fcssen unser Land f\u00fcr die Frauen ver\u00e4ndern<\/a>\u201c ein Gespr\u00e4chsband mit Ursula von der Leyen. In den Gespr\u00e4chen, die Maria von Welser mit der Familienministerin gef\u00fchrt hat, werden Horizonte aufgerissen, die man zur Kenntnis nehmen sollte, um sich in der aktuellen Krippen-Schlacht nicht unn\u00f6tig zu verk\u00e4mpfen, wie die <a target=\"_blank\" href=\"http:\/\/www.faz.net\/s\/RubCF3AEB154CE64960822FA5429A182360\/Doc~E00041CBBB5E442D8AE2778D7C4FEFA1E~ATpl~Ecommon~Scontent.html \">FAZ<\/a> meint.<\/span><\/p>\n<p style=\"margin-top: 6pt\" class=\"MsoNormal\"><span style=\"font-size: 10pt; font-family: Verdana\">Der Ministerin geht es um eine wirtschaftsorientierten Strategie, in der die Wirtschaft der Familie dient. In der familienbewusste Arbeitsstrukturen kein weiches Thema sind.<\/span><\/p>\n<p style=\"margin-top: 6pt\" class=\"MsoNormal\"><strong><span style=\"font-size: 10pt; font-family: Verdana\">Als Familie die Wirtschaft umarmen<\/span><\/strong><span style=\"font-size: 10pt; font-family: Verdana\"><\/span><\/p>\n<p style=\"margin-top: 6pt\" class=\"MsoNormal\"><span style=\"font-size: 10pt; font-family: Verdana\">Eine in dem Buch geschilderte Anekdote verdeutlicht das Gemeinte: \u201eMir erz\u00e4hlte ein Vorstand eines gro\u00dfen, international agierenden Konzerns, der bereits heute Ingenieurarbeitspl\u00e4tze nicht mehr besetzen kann, dass Ingenieurstudentinnen dort aktiv anrufen und fragen: ,Wie sind Ihre familienpolitischen Programme innerhalb des Unternehmens?&#8216; <\/span><\/p>\n<p style=\"margin-top: 6pt\" class=\"MsoNormal\"><span style=\"font-size: 10pt; font-family: Verdana\">Sp\u00e4testens von diesem Moment an habe er verstanden, dass das Thema familienbewusste Arbeitsstrukturen kein weiches Thema mehr sei. Ich bin hocherfreut, dass die jungen Frauen das tun, denn das macht den Arbeitgebern klar: ,Ich bewerbe mich nicht bei dir, wenn du nicht ein nachweisbares Konzept hast.&#8216; <\/span><\/p>\n<p style=\"margin-top: 6pt\" class=\"MsoNormal\"><span style=\"font-size: 10pt; font-family: Verdana\">Ein Konzept f\u00fcr junge Frauen und junge M\u00e4nner, die Fragen stellen nach betrieblicher Kinderbetreuung, flexiblen Arbeitszeitmodellen, Vaterzeit, Mutterzeit, F\u00f6rderprogrammen und Wiedereinstiegsprogrammen nach einer Elternzeit. Dahin geht der Trend weltweit. An den jungen \u00c4rztinnen, die unser Land verlassen und in England, Holland oder Skandinavien arbeiten und Kinder haben, sehen wir, dass junge Talente mobil sind.\u201c<\/span><\/p>\n<p style=\"margin-top: 6pt\" class=\"MsoNormal\"><span style=\"font-size: 10pt; font-family: Verdana\">Das Paradox in diesem Sinne lautet: Je mehr Mann und Frau als Familie auf die Wirtschaft zugeht, desto mehr kommt die Wirtschaft unter Druck<!--more-->, auf die Familie zuzugehen. Wer Kinder hat, so lautet die Botschaft der Gespr\u00e4che, soll nicht aus der Arbeitswelt aussteigen m\u00fcssen, er muss sie ver\u00e4ndern. Familienfreundlichkeit muss ein harter Profitfaktor werden, der auch den Sektor der Dienstleistungen revolutioniert.<\/span><\/p>\n","protected":false},"excerpt":{"rendered":"<p>Am Montag erscheint unter dem Titel \u201eWir m\u00fcssen unser Land f\u00fcr die Frauen ver\u00e4ndern\u201c ein Gespr\u00e4chsband mit Ursula von der Leyen. In den Gespr\u00e4chen, die Maria von Welser mit der Familienministerin gef\u00fchrt hat, werden Horizonte aufgerissen, die man zur Kenntnis nehmen sollte, um sich in der aktuellen Krippen-Schlacht nicht unn\u00f6tig zu verk\u00e4mpfen, wie die FAZ [&hellip;]<\/p>\n","protected":false},"author":1,"featured_media":0,"comment_status":"open","ping_status":"open","sticky":false,"template":"","format":"standard","meta":[],"categories":[34,21],"tags":[],"_links":{"self":[{"href":"https:\/\/vaeter-und-karriere.de\/blog\/index.php\/wp-json\/wp\/v2\/posts\/386"}],"collection":[{"href":"https:\/\/vaeter-und-karriere.de\/blog\/index.php\/wp-json\/wp\/v2\/posts"}],"about":[{"href":"https:\/\/vaeter-und-karriere.de\/blog\/index.php\/wp-json\/wp\/v2\/types\/post"}],"author":[{"embeddable":true,"href":"https:\/\/vaeter-und-karriere.de\/blog\/index.php\/wp-json\/wp\/v2\/users\/1"}],"replies":[{"embeddable":true,"href":"https:\/\/vaeter-und-karriere.de\/blog\/index.php\/wp-json\/wp\/v2\/comments?post=386"}],"version-history":[{"count":0,"href":"https:\/\/vaeter-und-karriere.de\/blog\/index.php\/wp-json\/wp\/v2\/posts\/386\/revisions"}],"wp:attachment":[{"href":"https:\/\/vaeter-und-karriere.de\/blog\/index.php\/wp-json\/wp\/v2\/media?parent=386"}],"wp:term":[{"taxonomy":"category","embeddable":true,"href":"https:\/\/vaeter-und-karriere.de\/blog\/index.php\/wp-json\/wp\/v2\/categories?post=386"},{"taxonomy":"post_tag","embeddable":true,"href":"https:\/\/vaeter-und-karriere.de\/blog\/index.php\/wp-json\/wp\/v2\/tags?post=386"}],"curies":[{"name":"wp","href":"https:\/\/api.w.org\/{rel}","templated":true}]}}