{"id":385,"date":"2007-03-17T12:34:27","date_gmt":"2007-03-17T10:34:27","guid":{"rendered":"http:\/\/vaeter-und-karriere.de\/blog\/index.php\/2007\/03\/17\/385\/"},"modified":"2007-03-17T12:35:09","modified_gmt":"2007-03-17T10:35:09","slug":"385","status":"publish","type":"post","link":"https:\/\/vaeter-und-karriere.de\/blog\/index.php\/2007\/03\/17\/385\/","title":{"rendered":"Struck wirft Union ideologisches M\u00e4nnerbild vor"},"content":{"rendered":"<p class=\"MsoNormal\" style=\"margin-top: 6pt\"><span style=\"font-size: 10pt; font-family: Verdana\">Im Kampf um Krippenpl\u00e4tze f\u00e4hrt <a target=\"_blank\" href=\"http:\/\/www.bundestag.de\/mdb\/bio\/S\/strucpe0.html\">SPD-Fraktionschef Struck<\/a> heftige Attacken gegen die Union: Deren <a target=\"_blank\" href=\"http:\/\/www.ajoachim.de\/maennerbild.htm\">M\u00e4nnerbild<\/a> sei schlicht antiquiert und der Kern des Streits. Familienministerin von der Leyen verteidigt derweil unbeeindruckt ihre Pl\u00e4ne gegen den Widerstand aus den eigenen Reihen.<\/span><\/p>\n<p class=\"MsoNormal\" style=\"margin-top: 6pt\"><span style=\"font-size: 10pt; font-family: Verdana\">&#8222;Die Vereinbarkeit von Familie und Beruf setzt ein bestimmtes <a target=\"_blank\" href=\"http:\/\/de.wikipedia.org\/wiki\/Neuer_Mann\">M\u00e4nnerbild<\/a> voraus, das die Union nicht hat. Das ist der wahre Kern des Konflikts&#8220;, erkl\u00e4rte Struck der &#8222;<a target=\"_blank\" href=\"http:\/\/www.welt.de\">Welt am Sonntag<\/a>&#8222;. Die Union sei ideologisch blockiert. So wie die Fraktion von CDU und CSU das Thema Familienpolitik angehe, k\u00f6nne man nur von einer &#8222;Hinhaltetaktik&#8220; sprechen. <\/span><\/p>\n<p class=\"MsoNormal\" style=\"margin-top: 6pt\"><span style=\"font-size: 10pt; font-family: Verdana\">Hintergrund des Streits ist unter anderem der heftige Gegenwind, der Bundesfamilienministerin Ursula von der Leyen (CDU) mit ihren Pl\u00e4nen f\u00fcr mehr Krippenpl\u00e4tze in Deutschland aus den eigenen Parteireihen entgegenschl\u00e4gt. \u2026<\/span><\/p>\n<p class=\"MsoNormal\" style=\"margin-top: 6pt\"><span style=\"font-size: 10pt; font-family: Verdana\">Um die Finanzierung der zus\u00e4tzlichen Gratis-Krippenpl\u00e4tze hatte es allerdings heftigen Zoff gegeben. Struck sagte mit Blick auf den SPD-Vorschlag, auf die anstehende Kindergelderh\u00f6hung zu verzichten, die V\u00e4ter wollten lieber einen Krippenplatz f\u00fcr ihre Kinder als zehn Euro mehr Kindergeld. &#8222;Das werden wir in der Koalition auch so durchsetzen.&#8220; Der Koalitionspartner &#8222;kneift eindeutig&#8220; bei dieser Frage. <\/span><\/p>\n<p class=\"MsoNormal\" style=\"margin-top: 6pt\"><span style=\"font-size: 10pt; font-family: Verdana\">So \u00e4hnlich lautete die Meldung in <a target=\"_blank\" href=\"http:\/\/www.spiegel.de\/politik\/deutschland\/0,1518,472254,00.html\">Spiegel Online<\/a>, ich habe nur \u201aFrauen\u2019 durch \u201aM\u00e4nner\u2019 und \u201aM\u00fctter\u2019 durch \u201aV\u00e4ter\u2019 ersetzt. Wenn da mal der Vorwurf nicht auch auf den Ankl\u00e4ger selbst zur\u00fcckf\u00e4llt.<\/span><\/p>\n","protected":false},"excerpt":{"rendered":"<p>Im Kampf um Krippenpl\u00e4tze f\u00e4hrt SPD-Fraktionschef Struck heftige Attacken gegen die Union: Deren M\u00e4nnerbild sei schlicht antiquiert und der Kern des Streits. Familienministerin von der Leyen verteidigt derweil unbeeindruckt ihre Pl\u00e4ne gegen den Widerstand aus den eigenen Reihen. &#8222;Die Vereinbarkeit von Familie und Beruf setzt ein bestimmtes M\u00e4nnerbild voraus, das die Union nicht hat. Das [&hellip;]<\/p>\n","protected":false},"author":1,"featured_media":0,"comment_status":"open","ping_status":"open","sticky":false,"template":"","format":"standard","meta":[],"categories":[33,24],"tags":[],"_links":{"self":[{"href":"https:\/\/vaeter-und-karriere.de\/blog\/index.php\/wp-json\/wp\/v2\/posts\/385"}],"collection":[{"href":"https:\/\/vaeter-und-karriere.de\/blog\/index.php\/wp-json\/wp\/v2\/posts"}],"about":[{"href":"https:\/\/vaeter-und-karriere.de\/blog\/index.php\/wp-json\/wp\/v2\/types\/post"}],"author":[{"embeddable":true,"href":"https:\/\/vaeter-und-karriere.de\/blog\/index.php\/wp-json\/wp\/v2\/users\/1"}],"replies":[{"embeddable":true,"href":"https:\/\/vaeter-und-karriere.de\/blog\/index.php\/wp-json\/wp\/v2\/comments?post=385"}],"version-history":[{"count":0,"href":"https:\/\/vaeter-und-karriere.de\/blog\/index.php\/wp-json\/wp\/v2\/posts\/385\/revisions"}],"wp:attachment":[{"href":"https:\/\/vaeter-und-karriere.de\/blog\/index.php\/wp-json\/wp\/v2\/media?parent=385"}],"wp:term":[{"taxonomy":"category","embeddable":true,"href":"https:\/\/vaeter-und-karriere.de\/blog\/index.php\/wp-json\/wp\/v2\/categories?post=385"},{"taxonomy":"post_tag","embeddable":true,"href":"https:\/\/vaeter-und-karriere.de\/blog\/index.php\/wp-json\/wp\/v2\/tags?post=385"}],"curies":[{"name":"wp","href":"https:\/\/api.w.org\/{rel}","templated":true}]}}