{"id":383,"date":"2007-03-17T12:11:43","date_gmt":"2007-03-17T10:11:43","guid":{"rendered":"http:\/\/vaeter-und-karriere.de\/blog\/index.php\/2007\/03\/17\/das-private-ist-politisch\/"},"modified":"2007-03-17T12:11:43","modified_gmt":"2007-03-17T10:11:43","slug":"das-private-ist-politisch","status":"publish","type":"post","link":"https:\/\/vaeter-und-karriere.de\/blog\/index.php\/2007\/03\/17\/das-private-ist-politisch\/","title":{"rendered":"Das Private ist politisch"},"content":{"rendered":"<p class=\"MsoNormal\" style=\"margin-top: 6pt\"><span style=\"font-size: 10pt; font-family: Verdana\">Diese alte feministische Erkenntnis, der zufolge <a target=\"_blank\" href=\"http:\/\/www.nadir.org\/nadir\/archiv\/Feminismus\/GenderKiller\/gender_7.html\">das Private politisch ist<\/a>, hat jetzt auch die April Ausgabe von <a target=\"_blank\" href=\"http:\/\/www.neon.de\/kat\/fuehlen\/familie\/kinder\/187050.html\">NEON<\/a> erreicht.<\/span><\/p>\n<p class=\"MsoNormal\" style=\"margin-top: 6pt\"><img id=\"image382\" alt=\"neon_07_04_01.jpg\" src=\"http:\/\/vaeter-und-karriere.de\/blog\/wp-content\/uploads\/2007\/03\/neon_07_04_01.jpg\" \/><\/p>\n<p class=\"MsoNormal\" style=\"margin-top: 6pt\"><span style=\"font-size: 10pt; font-family: Verdana\">&#8218;Das privateste Thema der Welt wird immer mehr auch ein politisches: das Kinderkriegen. Daran, dass sich die Generation NEON als \u00bbverantwortungsloses Pack\u00ab beschimpfen lassen muss, weil sie so wenig Kinder kriegt, hat sie sich gew\u00f6hnt \u2013 wie ungerecht die Vorw\u00fcrfe im Einzelnen auch sind. <\/span><\/p>\n<p class=\"MsoNormal\" style=\"margin-top: 6pt\"><span style=\"font-size: 10pt; font-family: Verdana\">In j\u00fcngster Zeit kam noch der fiese Begriff \u00bbGeb\u00e4rmaschinen\u00ab ins Gespr\u00e4ch; es ging um junge Frauen und Familien, die sich selbst entscheiden wollen, wie schnell sie nach einer Geburt wieder ins Berufsleben einsteigen. Wahlfreiheit ist der zentrale Begriff in dieser verbissenen Diskussion, die junge Menschen zwar oft extrem nervt, aber auch stark betrifft. Wahlfreiheit wird gefordert oder bek\u00e4mpft \u2013 Wahlfreiheit, nach der Geburt erst mal zu Hause zu bleiben oder schnell wieder arbeiten zu gehen, abgesichert durch eine sp\u00fcrbare Erh\u00f6hung der Anzahl der Krippenpl\u00e4tze und gesellschaftliches Wohlwollen.<\/span><\/p>\n<p class=\"MsoNormal\" style=\"margin-top: 6pt\"><span style=\"font-size: 10pt; font-family: Verdana\">Den meisten jungen Menschen kommt diese Auseinandersetzung mit z\u00e4her Ideologie der F\u00fcnfzigerjahre-Familie schon zu den Ohren raus. Doch selbst wer von alledem nichts mehr h\u00f6ren will, steht am Ende vor einer ganz einfachen Frage: Wann ist in meinem Leben wohl der beste Zeitpunkt f\u00fcr ein Kind? Hier wird die gesellschaftliche Debatte wieder privat, konkret und spannend. Denn jeder Einzelne muss f\u00fcr sich kl\u00e4ren: Habe ich den richtigen Partner daf\u00fcr? Will ich meine Ausbildung, meinen Beruf erst mal aufgeben?&#8216;<\/span><\/p>\n<p class=\"MsoNormal\" style=\"margin-top: 6pt\"><span style=\"font-size: 10pt; font-family: Verdana\">Interessant sind in in diesem Zusammenhang auch die Ergebnisse der <a target=\"_blank\" href=\"http:\/\/www.neon.de\/\">NEON.de<\/a>-Umfrage, in der mehr als zweitausend User berichten, was die wirklichen Gr\u00fcnde f\u00fcr ihre bisherige Kinderlosigkeit sind. Bei allem Druck und aller Kinderliebe ist n\u00e4mlich eines auch v\u00f6llig in Ordnung: zu sagen \u00bbIch will (noch) keins, ich habe gerade andere Pl\u00e4ne.\u00ab<\/span><\/p>\n","protected":false},"excerpt":{"rendered":"<p>Diese alte feministische Erkenntnis, der zufolge das Private politisch ist, hat jetzt auch die April Ausgabe von NEON erreicht. &#8218;Das privateste Thema der Welt wird immer mehr auch ein politisches: das Kinderkriegen. Daran, dass sich die Generation NEON als \u00bbverantwortungsloses Pack\u00ab beschimpfen lassen muss, weil sie so wenig Kinder kriegt, hat sie sich gew\u00f6hnt \u2013 [&hellip;]<\/p>\n","protected":false},"author":1,"featured_media":0,"comment_status":"open","ping_status":"open","sticky":false,"template":"","format":"standard","meta":[],"categories":[34,20,31],"tags":[],"_links":{"self":[{"href":"https:\/\/vaeter-und-karriere.de\/blog\/index.php\/wp-json\/wp\/v2\/posts\/383"}],"collection":[{"href":"https:\/\/vaeter-und-karriere.de\/blog\/index.php\/wp-json\/wp\/v2\/posts"}],"about":[{"href":"https:\/\/vaeter-und-karriere.de\/blog\/index.php\/wp-json\/wp\/v2\/types\/post"}],"author":[{"embeddable":true,"href":"https:\/\/vaeter-und-karriere.de\/blog\/index.php\/wp-json\/wp\/v2\/users\/1"}],"replies":[{"embeddable":true,"href":"https:\/\/vaeter-und-karriere.de\/blog\/index.php\/wp-json\/wp\/v2\/comments?post=383"}],"version-history":[{"count":0,"href":"https:\/\/vaeter-und-karriere.de\/blog\/index.php\/wp-json\/wp\/v2\/posts\/383\/revisions"}],"wp:attachment":[{"href":"https:\/\/vaeter-und-karriere.de\/blog\/index.php\/wp-json\/wp\/v2\/media?parent=383"}],"wp:term":[{"taxonomy":"category","embeddable":true,"href":"https:\/\/vaeter-und-karriere.de\/blog\/index.php\/wp-json\/wp\/v2\/categories?post=383"},{"taxonomy":"post_tag","embeddable":true,"href":"https:\/\/vaeter-und-karriere.de\/blog\/index.php\/wp-json\/wp\/v2\/tags?post=383"}],"curies":[{"name":"wp","href":"https:\/\/api.w.org\/{rel}","templated":true}]}}