{"id":3709,"date":"2010-09-06T17:12:33","date_gmt":"2010-09-06T16:12:33","guid":{"rendered":"http:\/\/vaeter-und-karriere.de\/blog\/?p=3709"},"modified":"2010-09-08T11:54:29","modified_gmt":"2010-09-08T10:54:29","slug":"eine-lobby-furs-starke-geschlecht","status":"publish","type":"post","link":"https:\/\/vaeter-und-karriere.de\/blog\/index.php\/2010\/09\/06\/eine-lobby-furs-starke-geschlecht\/","title":{"rendered":"Eine Lobby f\u00fcrs starke Geschlecht"},"content":{"rendered":"<p>In der WDR 5 Redezeit findet Morgen ein Gespr\u00e4ch mit Hans-Georg Nelles, Mitglied der Lenkungsgruppe des <a href=\"http:\/\/www.bundesforum-maenner.de\/\" target=\"_blank\">Bundesforum M\u00e4nner<\/a> statt.<\/p>\n<p>Bundesfamilienministerin Kristina Schr\u00f6der hat ein eigenst\u00e4ndiges Referat &#8222;Gleichstellungspolitik f\u00fcr M\u00e4nner und Jungen&#8220; in ihrem Haus etabliert. &#8222;Frauen&#8220; kamen stets im Titel des Ministeriums vor, M\u00e4nner wurden bestenfalls &#8222;mitgedacht&#8220;. Doch es hat sich gezeigt, dass es einer Emanzipation beider Geschlechter bedarf.<\/p>\n<p>Themen wie die Schwierigkeiten von Jungen in der Schule oder die Bedeutung aktiver V\u00e4ter werden in der \u00d6ffentlichkeit zunehmend diskutiert. Stimmen aus der &#8222;M\u00e4nnerbewegung&#8220; werden laut, die eine Diskriminierung des &#8222;starken Geschlechts&#8220; beobachten. Als Lobbyverband im \u201avorpoltischen\u2019 Raum wird sich im November offiziell das &#8222;Bundesforum M\u00e4nner&#8220; gr\u00fcnden, mit dabei ist Hans-Georg Nelles.<\/p>\n<p>Sendezeit\u00a0 WDR 5, Dienstag, 7.9.2010, von 11:05 bis 11:30 Uhr<\/p>\n<p><a href=\"http:\/\/www.wdr5.de\/sendungen\/neugier-genuegt\/s\/d\/07.09.2010-10.05\/b\/redezeit-eine-lobby-fuers-starke-geschlecht.html\" target=\"_blank\">Quelle<\/a><\/p>\n","protected":false},"excerpt":{"rendered":"<p>In der WDR 5 Redezeit findet Morgen ein Gespr\u00e4ch mit Hans-Georg Nelles, Mitglied der Lenkungsgruppe des Bundesforum M\u00e4nner statt. Bundesfamilienministerin Kristina Schr\u00f6der hat ein eigenst\u00e4ndiges Referat &#8222;Gleichstellungspolitik f\u00fcr M\u00e4nner und Jungen&#8220; in ihrem Haus etabliert. &#8222;Frauen&#8220; kamen stets im Titel des Ministeriums vor, M\u00e4nner wurden bestenfalls &#8222;mitgedacht&#8220;. Doch es hat sich gezeigt, dass es einer [&hellip;]<\/p>\n","protected":false},"author":1,"featured_media":0,"comment_status":"open","ping_status":"open","sticky":false,"template":"","format":"standard","meta":[],"categories":[39,33,6,25],"tags":[91],"_links":{"self":[{"href":"https:\/\/vaeter-und-karriere.de\/blog\/index.php\/wp-json\/wp\/v2\/posts\/3709"}],"collection":[{"href":"https:\/\/vaeter-und-karriere.de\/blog\/index.php\/wp-json\/wp\/v2\/posts"}],"about":[{"href":"https:\/\/vaeter-und-karriere.de\/blog\/index.php\/wp-json\/wp\/v2\/types\/post"}],"author":[{"embeddable":true,"href":"https:\/\/vaeter-und-karriere.de\/blog\/index.php\/wp-json\/wp\/v2\/users\/1"}],"replies":[{"embeddable":true,"href":"https:\/\/vaeter-und-karriere.de\/blog\/index.php\/wp-json\/wp\/v2\/comments?post=3709"}],"version-history":[{"count":3,"href":"https:\/\/vaeter-und-karriere.de\/blog\/index.php\/wp-json\/wp\/v2\/posts\/3709\/revisions"}],"predecessor-version":[{"id":3711,"href":"https:\/\/vaeter-und-karriere.de\/blog\/index.php\/wp-json\/wp\/v2\/posts\/3709\/revisions\/3711"}],"wp:attachment":[{"href":"https:\/\/vaeter-und-karriere.de\/blog\/index.php\/wp-json\/wp\/v2\/media?parent=3709"}],"wp:term":[{"taxonomy":"category","embeddable":true,"href":"https:\/\/vaeter-und-karriere.de\/blog\/index.php\/wp-json\/wp\/v2\/categories?post=3709"},{"taxonomy":"post_tag","embeddable":true,"href":"https:\/\/vaeter-und-karriere.de\/blog\/index.php\/wp-json\/wp\/v2\/tags?post=3709"}],"curies":[{"name":"wp","href":"https:\/\/api.w.org\/{rel}","templated":true}]}}