{"id":3632,"date":"2010-08-13T15:47:25","date_gmt":"2010-08-13T14:47:25","guid":{"rendered":"http:\/\/vaeter-und-karriere.de\/blog\/?p=3632"},"modified":"2010-08-13T15:47:25","modified_gmt":"2010-08-13T14:47:25","slug":"mannergesprache-mit-mona-lisa","status":"publish","type":"post","link":"https:\/\/vaeter-und-karriere.de\/blog\/index.php\/2010\/08\/13\/mannergesprache-mit-mona-lisa\/","title":{"rendered":"M\u00e4nnergespr\u00e4che mit Mona Lisa"},"content":{"rendered":"<ul>\n<li>Wann ist ein Mann ein Mann?<\/li>\n<li>Wie war der erste Kuss?<\/li>\n<li>Was war der gr\u00f6\u00dfte Fehler im Leben?<\/li>\n<\/ul>\n<p>Das sind nur einige der Fragen, die Mona Lisa f\u00fcnf Prominenten stellt: dem Star-Entertainer Udo J\u00fcrgens, dem Schauspieler und Drehbuchautor Dominic Raacke, Bayerns Umweltminister Markus S\u00f6der, dem &#8222;enfant terrible&#8220; der Modeszene <a href=\"http:\/\/www.zdf.de\/ZDFmediathek\/content\/1112148 \" target=\"_blank\">Harald Gl\u00f6\u00f6ckler<\/a> und dem frisch gebackenen Vater und MTV-Moderator Joachim Winterscheidt.<\/p>\n<p>F\u00fcnf M\u00e4nner aus ganz unterschiedlichen Bereichen sprechen in den &#8222;ML Mona Lisa-M\u00e4nnergespr\u00e4chen&#8220; offen \u00fcber ihre Kindheit und die Eltern, \u00fcber Pubert\u00e4t und erste Liebe, \u00fcber die Rolle der Frau, die Bedeutung von Freundschaft und \u00fcber ihren Glauben. Die Antworten sind originell, heiter, ernst und oft \u00fcberraschend.<\/p>\n<p>Wer wei\u00df schon, dass <a href=\"http:\/\/www.zdf.de\/ZDFmediathek\/content\/1112136\" target=\"_blank\">Markus S\u00f6der<\/a> als Kind gerne Zoodirektor werden wollte? Doch sein Traum von diesem Beruf endete j\u00e4h, als er zum ersten Mal von einer Biene gestochen wurde. Dies habe zu &#8222;einer gro\u00dfen Zur\u00fcckhaltung f\u00fcr diesen Berufswunsch gef\u00fchrt&#8220;. Au\u00dferdem verr\u00e4t er, dass er immer ein Bild seiner verstorbenen Mutter in der Geldb\u00f6rse bei sich tr\u00e4gt: &#8222;Ihr Tod war der verzweifeltste Moment, den ich bislang erlebt habe.&#8220;<\/p>\n<p>Der international gefeierte Komponist und S\u00e4nger <a href=\"http:\/\/www.zdf.de\/ZDFmediathek\/content\/1112750\" target=\"_blank\">Udo J\u00fcrgens<\/a> gesteht, dass seine erste Liebe tiefe Spuren bei ihm hinterlassen hat: &#8222;Das war der gr\u00f6\u00dfte Schmerz, den man sich \u00fcberhaupt nur vorstellen kann, und ich habe wirklich ernsthaft gedacht, ich werde sterben an gebrochenem Herzen.&#8220; Heute bewundere er Frauen daf\u00fcr, dass sie Kinder bekommen k\u00f6nnen: &#8222;Ich m\u00f6chte nicht als Frau wiedergeboren werden. Ich w\u00e4re einer Geburt nicht gewachsen, ganz eindeutig.&#8220;<\/p>\n<p>MTV-Moderator <a href=\"http:\/\/www.zdf.de\/ZDFmediathek\/content\/1112144\" target=\"_blank\">Joachim Winterscheid<\/a>t erz\u00e4hlt, wie die Geburt seiner Tochter sein Leben auf den Kopf stellt und warum er sich mit 31 Jahren erst so richtig erwachsen f\u00fchlt.<!--more--><\/p>\n<p>Schauspieler <a href=\"http:\/\/www.zdf.de\/ZDFmediathek\/content\/1096756\" target=\"_blank\">Dominic Raacke<\/a> verbindet mit seiner Kindheit vor allem den Geruch von \u00c4pfeln, die im Keller seines Elternhauses lagerten. Als kleiner Junge sei er sehr introvertiert gewesen und habe immer Angst gehabt, &#8222;dass die Eltern nicht mehr wiederkommen&#8220;.<\/p>\n<p>Sendetermin: ZDF Sonntag, 15. August, 18:00 bis 18:30 Uhr.<\/p>\n<p><a href=\"http:\/\/www.monalisa.zdf.de\/\" target=\"_blank\">Quelle<\/a><\/p>\n","protected":false},"excerpt":{"rendered":"<p>Wann ist ein Mann ein Mann? Wie war der erste Kuss? Was war der gr\u00f6\u00dfte Fehler im Leben? Das sind nur einige der Fragen, die Mona Lisa f\u00fcnf Prominenten stellt: dem Star-Entertainer Udo J\u00fcrgens, dem Schauspieler und Drehbuchautor Dominic Raacke, Bayerns Umweltminister Markus S\u00f6der, dem &#8222;enfant terrible&#8220; der Modeszene Harald Gl\u00f6\u00f6ckler und dem frisch gebackenen [&hellip;]<\/p>\n","protected":false},"author":1,"featured_media":0,"comment_status":"open","ping_status":"open","sticky":false,"template":"","format":"standard","meta":[],"categories":[33,19],"tags":[],"_links":{"self":[{"href":"https:\/\/vaeter-und-karriere.de\/blog\/index.php\/wp-json\/wp\/v2\/posts\/3632"}],"collection":[{"href":"https:\/\/vaeter-und-karriere.de\/blog\/index.php\/wp-json\/wp\/v2\/posts"}],"about":[{"href":"https:\/\/vaeter-und-karriere.de\/blog\/index.php\/wp-json\/wp\/v2\/types\/post"}],"author":[{"embeddable":true,"href":"https:\/\/vaeter-und-karriere.de\/blog\/index.php\/wp-json\/wp\/v2\/users\/1"}],"replies":[{"embeddable":true,"href":"https:\/\/vaeter-und-karriere.de\/blog\/index.php\/wp-json\/wp\/v2\/comments?post=3632"}],"version-history":[{"count":1,"href":"https:\/\/vaeter-und-karriere.de\/blog\/index.php\/wp-json\/wp\/v2\/posts\/3632\/revisions"}],"predecessor-version":[{"id":3633,"href":"https:\/\/vaeter-und-karriere.de\/blog\/index.php\/wp-json\/wp\/v2\/posts\/3632\/revisions\/3633"}],"wp:attachment":[{"href":"https:\/\/vaeter-und-karriere.de\/blog\/index.php\/wp-json\/wp\/v2\/media?parent=3632"}],"wp:term":[{"taxonomy":"category","embeddable":true,"href":"https:\/\/vaeter-und-karriere.de\/blog\/index.php\/wp-json\/wp\/v2\/categories?post=3632"},{"taxonomy":"post_tag","embeddable":true,"href":"https:\/\/vaeter-und-karriere.de\/blog\/index.php\/wp-json\/wp\/v2\/tags?post=3632"}],"curies":[{"name":"wp","href":"https:\/\/api.w.org\/{rel}","templated":true}]}}