{"id":3552,"date":"2010-07-22T15:18:30","date_gmt":"2010-07-22T14:18:30","guid":{"rendered":"http:\/\/vaeter-und-karriere.de\/blog\/?p=3552"},"modified":"2010-07-22T16:48:42","modified_gmt":"2010-07-22T15:48:42","slug":"vater-und-mutter-brauchen-flexibel-nutzbare-auszeiten","status":"publish","type":"post","link":"https:\/\/vaeter-und-karriere.de\/blog\/index.php\/2010\/07\/22\/vater-und-mutter-brauchen-flexibel-nutzbare-auszeiten\/","title":{"rendered":"V\u00e4ter und M\u00fctter brauchen flexibel nutzbare (Aus-) Zeiten"},"content":{"rendered":"<p><a href=\"http:\/\/upload.wikimedia.org\/wikipedia\/commons\/thumb\/0\/01\/Viviane_Reding_at_the_World_Economic_Forum.jpg\/170px-Viviane_Reding_at_the_World_Economic_Forum.jpg\"><img loading=\"lazy\" class=\"alignright\" src=\"http:\/\/upload.wikimedia.org\/wikipedia\/commons\/thumb\/0\/01\/Viviane_Reding_at_the_World_Economic_Forum.jpg\/170px-Viviane_Reding_at_the_World_Economic_Forum.jpg\" alt=\"\" width=\"102\" height=\"149\" \/><\/a>Im Gespr\u00e4ch mit der Frankfurter Allgemeinen Zeitung (<a href=\"http:\/\/www.faz.net\" target=\"_blank\">FAZ<\/a>) \u00e4u\u00dfert sich die EU Justizkommissarin <a href=\"http:\/\/de.wikipedia.org\/wiki\/Viviane_Reding\" target=\"_blank\">Vivian Reding<\/a> \u00fcber Die Rolle von Frauen in der Wirtschaft, die Quote und die notwendigen Anreize f\u00fcr V\u00e4ter, mehr Verantwortung in Familie zu \u00fcbernehmen.<\/p>\n<h3>\u201a \u2026 Ein Grund f\u00fcr die schlechtere Entlohnung der Frauen ist offenbar, dass sie schlechter bezahlte Stellen annehmen und sich eher um die Familie k\u00fcmmern als M\u00e4nner.<\/h3>\n<p>Deshalb m\u00fcssen wir ja daran arbeiten, Beruf und Familie von Frauen \u2013 wie M\u00e4nnern \u2013 besser vereinbar zu machen. Wir brauchen mehr Krippenpl\u00e4tze. Deutschland hat unabh\u00e4ngig davon unter Familienministerin Ursula von der Leyen mit dem Elterngeld gute Schritte gemacht. Was haben die Gegner \u00fcber das \u201eWickelvolontariat\u201c f\u00fcr die V\u00e4ter gel\u00e4stert. Dennoch nehmen immer mehr V\u00e4ter die Elternzeit in Anspruch.<\/p>\n<h3>Schafft die Elternzeit nicht eher den Anreiz, l\u00e4nger aus dem Berufsleben auszusteigen?<\/h3>\n<p>Man darf es nat\u00fcrlich nicht \u00fcbertreiben. Vielleicht m\u00fcssen wir auch eher dar\u00fcber nachdenken, ob die Eltern nicht flexibler nutzbare Auszeiten brauchen, um Kinder in sp\u00e4teren, schwierigen Phasen zu betreuen. Ein gesundes Baby l\u00e4sst sich indes leicht managen.<\/p>\n<h3>Also ist doch alles auf dem besten Wege?<!--more--><\/h3>\n<p>Keineswegs. Es gibt die ber\u00fchmte \u201egl\u00e4serne Decke\u201c, an die Frauen auf dem Weg nach oben sto\u00dfen. Nur so l\u00e4sst sich der geringe Anteil von Frauen in Spitzenposten erkl\u00e4ren. Das schadet auch der Industrie. Studien zeigen, dass Unternehmen mit einer ausgeglichenen Geschlechterstruktur eine h\u00f6here Eigenkapitalrendite erzielen. Deshalb bewegen sich ja auch einige Unternehmen wie die Deutsche Telekom, die in f\u00fcnf Jahren 30 Prozent ihrer Spitzenposten mit Frauen besetzen will. Ich halte das f\u00fcr eine vorbildliche Entscheidung. \u2026\u2019<\/p>\n<p><a href=\"http:\/\/www.faz.net\/s\/RubB1E10A8367E8446897468EDAA6EA0504\/Doc~E3EAC47C9E362434D983033B7683459AE~ATpl~Ecommon~Scontent.html \" target=\"_blank\">Quelle<\/a><\/p>\n","protected":false},"excerpt":{"rendered":"<p>Im Gespr\u00e4ch mit der Frankfurter Allgemeinen Zeitung (FAZ) \u00e4u\u00dfert sich die EU Justizkommissarin Vivian Reding \u00fcber Die Rolle von Frauen in der Wirtschaft, die Quote und die notwendigen Anreize f\u00fcr V\u00e4ter, mehr Verantwortung in Familie zu \u00fcbernehmen. \u201a \u2026 Ein Grund f\u00fcr die schlechtere Entlohnung der Frauen ist offenbar, dass sie schlechter bezahlte Stellen annehmen [&hellip;]<\/p>\n","protected":false},"author":1,"featured_media":0,"comment_status":"open","ping_status":"open","sticky":false,"template":"","format":"standard","meta":[],"categories":[37,12],"tags":[],"_links":{"self":[{"href":"https:\/\/vaeter-und-karriere.de\/blog\/index.php\/wp-json\/wp\/v2\/posts\/3552"}],"collection":[{"href":"https:\/\/vaeter-und-karriere.de\/blog\/index.php\/wp-json\/wp\/v2\/posts"}],"about":[{"href":"https:\/\/vaeter-und-karriere.de\/blog\/index.php\/wp-json\/wp\/v2\/types\/post"}],"author":[{"embeddable":true,"href":"https:\/\/vaeter-und-karriere.de\/blog\/index.php\/wp-json\/wp\/v2\/users\/1"}],"replies":[{"embeddable":true,"href":"https:\/\/vaeter-und-karriere.de\/blog\/index.php\/wp-json\/wp\/v2\/comments?post=3552"}],"version-history":[{"count":2,"href":"https:\/\/vaeter-und-karriere.de\/blog\/index.php\/wp-json\/wp\/v2\/posts\/3552\/revisions"}],"predecessor-version":[{"id":3554,"href":"https:\/\/vaeter-und-karriere.de\/blog\/index.php\/wp-json\/wp\/v2\/posts\/3552\/revisions\/3554"}],"wp:attachment":[{"href":"https:\/\/vaeter-und-karriere.de\/blog\/index.php\/wp-json\/wp\/v2\/media?parent=3552"}],"wp:term":[{"taxonomy":"category","embeddable":true,"href":"https:\/\/vaeter-und-karriere.de\/blog\/index.php\/wp-json\/wp\/v2\/categories?post=3552"},{"taxonomy":"post_tag","embeddable":true,"href":"https:\/\/vaeter-und-karriere.de\/blog\/index.php\/wp-json\/wp\/v2\/tags?post=3552"}],"curies":[{"name":"wp","href":"https:\/\/api.w.org\/{rel}","templated":true}]}}