{"id":353,"date":"2007-03-05T14:31:58","date_gmt":"2007-03-05T12:31:58","guid":{"rendered":"http:\/\/vaeter-und-karriere.de\/blog\/index.php\/2007\/03\/05\/vater-bei-fritz-und-franzi\/"},"modified":"2007-03-05T16:38:38","modified_gmt":"2007-03-05T14:38:38","slug":"vater-bei-fritz-und-franzi","status":"publish","type":"post","link":"https:\/\/vaeter-und-karriere.de\/blog\/index.php\/2007\/03\/05\/vater-bei-fritz-und-franzi\/","title":{"rendered":"V\u00e4ter bei Fritz und Fr\u00e4nzi"},"content":{"rendered":"<p>Die letzte Ausgabe von <a target=\"_blank\" href=\"http:\/\/www.fritz-und-fraenzi.ch\/\">&#8218;Fritz und Fr\u00e4nzi&#8216;<\/a>, dem Schweizer Magazin f\u00fcr Eltern schulpflichtiger  Kinder, war unter  anderem den V\u00e4tern gewidmet. Unter dem Titel \u201eKonkurrenzkampf zwischen Familie,  Beruf und dem Ich\u201c wird \u00fcber die gestiegenen Anforderungen, welche heute an V\u00e4ter gestellt werden  und die h\u00e4ufig als \u00dcberforderung wahrgenommen werden, berichtet.<\/p>\n<p><img alt=\"covergross2007_01.jpg\" id=\"image355\" src=\"http:\/\/vaeter-und-karriere.de\/blog\/wp-content\/uploads\/2007\/03\/covergross2007_01.jpg\" \/><\/p>\n<p>Aber ist Vatersein wirklich  nur anstrengend und mit Problemen behaftet? Nein! Aktives Vatersein macht auch  unheimlich Spa\u00df und ist unabh\u00e4ngig vom Alter der Kinder ein Gewinn. F\u00fcr den  Mann, die Kinder und letztlich f\u00fcr die ganze Familie.<\/p>\n","protected":false},"excerpt":{"rendered":"<p>Die letzte Ausgabe von &#8218;Fritz und Fr\u00e4nzi&#8216;, dem Schweizer Magazin f\u00fcr Eltern schulpflichtiger Kinder, war unter anderem den V\u00e4tern gewidmet. Unter dem Titel \u201eKonkurrenzkampf zwischen Familie, Beruf und dem Ich\u201c wird \u00fcber die gestiegenen Anforderungen, welche heute an V\u00e4ter gestellt werden und die h\u00e4ufig als \u00dcberforderung wahrgenommen werden, berichtet. Aber ist Vatersein wirklich nur anstrengend [&hellip;]<\/p>\n","protected":false},"author":1,"featured_media":0,"comment_status":"open","ping_status":"open","sticky":false,"template":"","format":"standard","meta":[],"categories":[24,31],"tags":[],"_links":{"self":[{"href":"https:\/\/vaeter-und-karriere.de\/blog\/index.php\/wp-json\/wp\/v2\/posts\/353"}],"collection":[{"href":"https:\/\/vaeter-und-karriere.de\/blog\/index.php\/wp-json\/wp\/v2\/posts"}],"about":[{"href":"https:\/\/vaeter-und-karriere.de\/blog\/index.php\/wp-json\/wp\/v2\/types\/post"}],"author":[{"embeddable":true,"href":"https:\/\/vaeter-und-karriere.de\/blog\/index.php\/wp-json\/wp\/v2\/users\/1"}],"replies":[{"embeddable":true,"href":"https:\/\/vaeter-und-karriere.de\/blog\/index.php\/wp-json\/wp\/v2\/comments?post=353"}],"version-history":[{"count":0,"href":"https:\/\/vaeter-und-karriere.de\/blog\/index.php\/wp-json\/wp\/v2\/posts\/353\/revisions"}],"wp:attachment":[{"href":"https:\/\/vaeter-und-karriere.de\/blog\/index.php\/wp-json\/wp\/v2\/media?parent=353"}],"wp:term":[{"taxonomy":"category","embeddable":true,"href":"https:\/\/vaeter-und-karriere.de\/blog\/index.php\/wp-json\/wp\/v2\/categories?post=353"},{"taxonomy":"post_tag","embeddable":true,"href":"https:\/\/vaeter-und-karriere.de\/blog\/index.php\/wp-json\/wp\/v2\/tags?post=353"}],"curies":[{"name":"wp","href":"https:\/\/api.w.org\/{rel}","templated":true}]}}