{"id":3389,"date":"2010-06-08T12:30:31","date_gmt":"2010-06-08T11:30:31","guid":{"rendered":"http:\/\/vaeter-und-karriere.de\/blog\/?p=3389"},"modified":"2010-06-08T12:30:31","modified_gmt":"2010-06-08T11:30:31","slug":"moderne-vater-wunschen-sich-mehr-zeit-fur-ihre-kinder","status":"publish","type":"post","link":"https:\/\/vaeter-und-karriere.de\/blog\/index.php\/2010\/06\/08\/moderne-vater-wunschen-sich-mehr-zeit-fur-ihre-kinder\/","title":{"rendered":"Moderne V\u00e4ter w\u00fcnschen sich mehr Zeit f\u00fcr ihre Kinder"},"content":{"rendered":"<p><a href=\"http:\/\/www.kmb.or.at\"><img loading=\"lazy\" class=\"alignright\" src=\"http:\/\/www.kmb.or.at\/images\/0_c_logo.gif\" alt=\"\" width=\"115\" height=\"104\" \/><\/a>\u2026 und Politik und Wirtschaft sollen Voraussetzungen schaffen, dass ihnen dies auch m\u00f6glich ist: Das hat die Katholische M\u00e4nnerbewegung \u00d6sterreichs (<a href=\"http:\/\/www.kmb.or.at\" target=\"_blank\">KMB\u00d6<\/a>) am Montag in einer Aussendung anl\u00e4sslich des Vatertages am kommenden Sonntag, 13. Juni, gefordert. Wenn fast die H\u00e4lfte der V\u00e4ter sich vorstellen kann, Elternkarenz in Anspruch zu nehmen, jedoch nur 2,3 Prozent dies tats\u00e4chlich tun, seien strukturelle Hindernisse in der Arbeitswelt offensichtlich, so KMB\u00d6-Vorsitzender Leopold Wimmer.<\/p>\n<p>Vor allem die \u00c4ngste vor finanziellen Einbu\u00dfen und Jobverlust hielten V\u00e4ter davon ab, in Karenz zu gehen. &#8222;Es sind daher die Voraussetzungen zu schaffen, die es M\u00e4nnern erm\u00f6glichen, an der Erziehung ihrer Kinder partnerschaftlich mitwirken zu k\u00f6nnen, ohne ihre Arbeitsstelle zu verlieren&#8220;, so Wimmer. Die Vorbehalte gegen die M\u00e4nnerkarenz w\u00fcrden zwar allm\u00e4hlich schw\u00e4cher, es bed\u00fcrfe aber dennoch neuer Arbeits- und Arbeitszeitmodelle, etwa reduzierter Arbeitszeiten f\u00fcr beide Partner, um Familienleben und Arbeitswelt in Einklang zu bringen.<\/p>\n<p>&#8222;Der Blickwinkel der Gesellschaft hat sich in den vergangenen Jahren vom &#8218;abwesenden&#8216; zum &#8218;anwesenden&#8216; Vater hin ver\u00e4ndert&#8220;, M\u00e4nner sollten daher &#8222;ihr Kind nicht nur einen Monat betreuen, sondern wirklich die Erziehung ihrer Kinder mit gestalten k\u00f6nnen&#8220;. Viele V\u00e4ter w\u00fcrden heute erkennen, dass sie sich selbst in ihrer Entwicklung als Mensch und Pers\u00f6nlichkeit beschr\u00e4nken, wenn sie nur Beruf und Karriere sehen.<\/p>\n<p>&#8222;Moderne V\u00e4ter w\u00fcnschen sich daher mehr Zeit f\u00fcr ihre Kinder und ihre Familie &#8211; und das nicht nur am Vatertag oder an den Feiertagen. Sie wollen ihre Kinder gro\u00df werden sehen und zur Erziehung nicht nur mit der Gute-Nacht-Geschichte beitragen&#8220;, bekr\u00e4ftigte Wimmer.<\/p>\n<p>Gerade Buben profitierten von dem Zusammensein mit ihren V\u00e4tern. Die KMB\u00d6 f\u00f6rdert deshalb die Vater-Sohn-Beziehung mit spezifischen Angeboten in mehreren Bundesl\u00e4ndern wie z. B. ein &#8222;V\u00e4terfr\u00fchst\u00fcck&#8220; oder &#8222;Vater-Kind-Wochenenden&#8220;.<\/p>\n<p><a href=\"http:\/\/www.kmb.or.at\/i_news.htm\" target=\"_blank\">Quelle<\/a><\/p>\n","protected":false},"excerpt":{"rendered":"<p>\u2026 und Politik und Wirtschaft sollen Voraussetzungen schaffen, dass ihnen dies auch m\u00f6glich ist: Das hat die Katholische M\u00e4nnerbewegung \u00d6sterreichs (KMB\u00d6) am Montag in einer Aussendung anl\u00e4sslich des Vatertages am kommenden Sonntag, 13. Juni, gefordert. Wenn fast die H\u00e4lfte der V\u00e4ter sich vorstellen kann, Elternkarenz in Anspruch zu nehmen, jedoch nur 2,3 Prozent dies tats\u00e4chlich [&hellip;]<\/p>\n","protected":false},"author":1,"featured_media":0,"comment_status":"open","ping_status":"open","sticky":false,"template":"","format":"standard","meta":[],"categories":[43,24,31],"tags":[80],"_links":{"self":[{"href":"https:\/\/vaeter-und-karriere.de\/blog\/index.php\/wp-json\/wp\/v2\/posts\/3389"}],"collection":[{"href":"https:\/\/vaeter-und-karriere.de\/blog\/index.php\/wp-json\/wp\/v2\/posts"}],"about":[{"href":"https:\/\/vaeter-und-karriere.de\/blog\/index.php\/wp-json\/wp\/v2\/types\/post"}],"author":[{"embeddable":true,"href":"https:\/\/vaeter-und-karriere.de\/blog\/index.php\/wp-json\/wp\/v2\/users\/1"}],"replies":[{"embeddable":true,"href":"https:\/\/vaeter-und-karriere.de\/blog\/index.php\/wp-json\/wp\/v2\/comments?post=3389"}],"version-history":[{"count":2,"href":"https:\/\/vaeter-und-karriere.de\/blog\/index.php\/wp-json\/wp\/v2\/posts\/3389\/revisions"}],"predecessor-version":[{"id":3391,"href":"https:\/\/vaeter-und-karriere.de\/blog\/index.php\/wp-json\/wp\/v2\/posts\/3389\/revisions\/3391"}],"wp:attachment":[{"href":"https:\/\/vaeter-und-karriere.de\/blog\/index.php\/wp-json\/wp\/v2\/media?parent=3389"}],"wp:term":[{"taxonomy":"category","embeddable":true,"href":"https:\/\/vaeter-und-karriere.de\/blog\/index.php\/wp-json\/wp\/v2\/categories?post=3389"},{"taxonomy":"post_tag","embeddable":true,"href":"https:\/\/vaeter-und-karriere.de\/blog\/index.php\/wp-json\/wp\/v2\/tags?post=3389"}],"curies":[{"name":"wp","href":"https:\/\/api.w.org\/{rel}","templated":true}]}}