{"id":3291,"date":"2010-05-17T13:51:54","date_gmt":"2010-05-17T12:51:54","guid":{"rendered":"http:\/\/vaeter-und-karriere.de\/blog\/?p=3291"},"modified":"2010-05-18T14:19:58","modified_gmt":"2010-05-18T13:19:58","slug":"deutschland-im-geburtentief","status":"publish","type":"post","link":"https:\/\/vaeter-und-karriere.de\/blog\/index.php\/2010\/05\/17\/deutschland-im-geburtentief\/","title":{"rendered":"Deutschland im Geburtentief"},"content":{"rendered":"<p>Nicht nur das Mai Wetter wird durch anhaltende Tiefdruckgebiete dominiert. Nach einer kurzen <a href=\"http:\/\/www.destatis.de\/jetspeed\/portal\/cms\/Sites\/destatis\/Internet\/DE\/Presse\/pm\/2010\/05\/PD10__176__126,templateId=renderPrint.psml\" target=\"_blank\">Pressemeldung<\/a> des statistischen Bundesamts, in der die bisherige Prognose der Geburtenzahlen f\u00fcr 2009 best\u00e4tigt wird, titelt <a href=\"http:\/\/www.focus.de\/politik\/deutschland\/statistik-deutschland-im-geburtentief_aid_509125.html \" target=\"_blank\">Focus<\/a>:<\/p>\n<p>Elterngeld, Krippenausbau und V\u00e4termonaten zum Trotz \u2013 Deutschland steckt in einem neuen Geburtentief. W\u00e4hrend sich in anderen Industriestaaten Besserung abzeichnet, kamen hierzulande so wenige Kinder zur Welt wie seit Jahrzehnten nicht.<\/p>\n<p>Die Bundesrepublik erreicht mit der niedrigsten Geburtenzahl seit dem Zweiten Weltkrieg einen neuen Negativrekord. Nach vorl\u00e4ufigen Ergebnissen kamen 2009 rund 651.000 Jungen und M\u00e4dchen lebend zur Welt. Das waren noch einmal rund 30.000 oder 3,6 % weniger als 2008.<\/p>\n<p><a href=\"http:\/\/www.stadt-zuerich.ch\/content\/dam\/stzh\/sd\/Deutsch\/Ueber%20das%20Departement\/Publikationen%20und%20Broschueren\/Edition%20PDF-Version\/Ed_Sozialpolitik_5a.pdf\"><img loading=\"lazy\" class=\"alignright\" src=\"http:\/\/www.stadt-zuerich.ch\/content\/sd\/de\/index\/ueber_das_departement\/strategie\/kinderbetreuung\/edspolitik5\/_jcr_content\/image.180.png\" alt=\"\" width=\"180\" height=\"251\" \/><\/a>Bundesfamilienministerin Kristina Schr\u00f6der weist auf die gesunkene Zahl der Frauen im geb\u00e4rf\u00e4higen Alter hin und erkl\u00e4rt, dass die Zahl der Kinder pro Frau konstant geblieben sei. Diese ist aber mit durchschnittlich 1,38 Kindern pro Frau im internationalen Vergleich immer noch sehr niedrig. Und vor allem haben viele Staaten, die in der Vergangenheit \u00e4hnlich lagen, inzwischen deutlich aufgeholt. \u201eAusnahmen sind \u00d6sterreich und Westdeutschland\u201c, hei\u00dft es in einer <a href=\"http:\/\/www.demogr.mpg.de\/en\/press\/1676.htm\" target=\"_blank\">Studie<\/a> des <a href=\"http:\/\/www.demogr.mpg.de\/\" target=\"_blank\">Max-Planck-Instituts f\u00fcr demografische Forschung<\/a> in Rostock.<\/p>\n<p>Muss also die Familienpolitik auf den Pr\u00fcfstand, wie die in D\u00fcsseldorf erscheinende <a href=\"http:\/\/www.rp-online.de\" target=\"_blank\">Rheinische Post<\/a> fragt? Familienministerin Schr\u00f6der bekennt sich zum weiteren Ausbau der Kleinkindbetreuung und betont: \u201eDer Rechtsanspruch auf einen Kita &#8211; Platz wird kommen. Das Geld ist gut angelegt.\u201c Das hat die Stadt <a href=\"http:\/\/www.stadt-zuerich.ch\/sd\/de\/index\/ueber_das_departement\/strategie\/kinderbetreuung\/edspolitik5.html\" target=\"_blank\">Z\u00fcrich<\/a> schon vor 10 Jahren mit der Studie \u201a<a href=\"http:\/\/www.stadt-zuerich.ch\/content\/dam\/stzh\/sd\/Deutsch\/Ueber%20das%20Departement\/Publikationen%20und%20Broschueren\/Edition%20PDF-Version\/Ed_Sozialpolitik_5.pdf \" target=\"_blank\">Volkswirtschaftlicher Nutzen von Kindertagesst\u00e4tten<\/a>&#8218; nachgewiesen. Demnach zahlt sich jeder in die Kinderbetreuung investierte Franken mindestens dreifach aus.<\/p>\n<p>Aber hierzulande wird die Finanznot der \u00f6ffentlichen Haushalte genutzt, um konservative Vorstellungen und Familienbilder wiederzubeleben und den ab 2013 vom Staat versprochenen Rechtsanspruch auf einen Kinderbetreuungsplatz in Frage zu stellen. Das ist die sicherste Methode, dem jetzt herrschenden Geburtentief weitere folgen zu lassen.<\/p>\n","protected":false},"excerpt":{"rendered":"<p>Nicht nur das Mai Wetter wird durch anhaltende Tiefdruckgebiete dominiert. Nach einer kurzen Pressemeldung des statistischen Bundesamts, in der die bisherige Prognose der Geburtenzahlen f\u00fcr 2009 best\u00e4tigt wird, titelt Focus: Elterngeld, Krippenausbau und V\u00e4termonaten zum Trotz \u2013 Deutschland steckt in einem neuen Geburtentief. W\u00e4hrend sich in anderen Industriestaaten Besserung abzeichnet, kamen hierzulande so wenige Kinder [&hellip;]<\/p>\n","protected":false},"author":1,"featured_media":0,"comment_status":"open","ping_status":"open","sticky":false,"template":"","format":"standard","meta":[],"categories":[15,22],"tags":[82],"_links":{"self":[{"href":"https:\/\/vaeter-und-karriere.de\/blog\/index.php\/wp-json\/wp\/v2\/posts\/3291"}],"collection":[{"href":"https:\/\/vaeter-und-karriere.de\/blog\/index.php\/wp-json\/wp\/v2\/posts"}],"about":[{"href":"https:\/\/vaeter-und-karriere.de\/blog\/index.php\/wp-json\/wp\/v2\/types\/post"}],"author":[{"embeddable":true,"href":"https:\/\/vaeter-und-karriere.de\/blog\/index.php\/wp-json\/wp\/v2\/users\/1"}],"replies":[{"embeddable":true,"href":"https:\/\/vaeter-und-karriere.de\/blog\/index.php\/wp-json\/wp\/v2\/comments?post=3291"}],"version-history":[{"count":5,"href":"https:\/\/vaeter-und-karriere.de\/blog\/index.php\/wp-json\/wp\/v2\/posts\/3291\/revisions"}],"predecessor-version":[{"id":3296,"href":"https:\/\/vaeter-und-karriere.de\/blog\/index.php\/wp-json\/wp\/v2\/posts\/3291\/revisions\/3296"}],"wp:attachment":[{"href":"https:\/\/vaeter-und-karriere.de\/blog\/index.php\/wp-json\/wp\/v2\/media?parent=3291"}],"wp:term":[{"taxonomy":"category","embeddable":true,"href":"https:\/\/vaeter-und-karriere.de\/blog\/index.php\/wp-json\/wp\/v2\/categories?post=3291"},{"taxonomy":"post_tag","embeddable":true,"href":"https:\/\/vaeter-und-karriere.de\/blog\/index.php\/wp-json\/wp\/v2\/tags?post=3291"}],"curies":[{"name":"wp","href":"https:\/\/api.w.org\/{rel}","templated":true}]}}