{"id":3254,"date":"2010-05-10T17:33:55","date_gmt":"2010-05-10T16:33:55","guid":{"rendered":"http:\/\/vaeter-und-karriere.de\/blog\/?p=3254"},"modified":"2010-05-10T17:33:55","modified_gmt":"2010-05-10T16:33:55","slug":"tausche-schreibtisch-gegen-wickeltisch-ein-vater-in-elternzeit","status":"publish","type":"post","link":"https:\/\/vaeter-und-karriere.de\/blog\/index.php\/2010\/05\/10\/tausche-schreibtisch-gegen-wickeltisch-ein-vater-in-elternzeit\/","title":{"rendered":"Tausche Schreibtisch gegen Wickeltisch &#8211; Ein Vater in Elternzeit"},"content":{"rendered":"<p>Die Reportage von Vanessa Kern ist heute Abend, Montag von<strong> <\/strong>23.00 &#8211; 00.00 Uhr bei Plan B auf <a href=\"http:\/\/www.1live.de\/\" target=\"_blank\">1LIVE<\/a> zu h\u00f6ren. Im Ank\u00fcndigungstext hei\u00dft es:<\/p>\n<p>\u201aEr macht das Fl\u00e4schchen warm, er schiebt den Kinderwagen, er sitzt im Sandkasten auf dem Spielplatz &#8211; und das nicht nur am Wochenende.<\/p>\n<p>Seit Einf\u00fchrung des staatlichen Zuschusses nehmen immer mehr V\u00e4ter Elternzeit. Heute entscheidet sich rund jeder sechste Vater f\u00fcr eine Auszeit zu Hause &#8211; das sind zwanzig Prozent mehr als vor der Einf\u00fchrung des Elterngeldes.<\/p>\n<p>Sven Behnfeld aus Wuppertal ist einer von ihnen. Vier Monate nach der Geburt der kleinen Betty tauschen Claudia und Sven die Rollen. Ab sofort geht Claudia morgens wieder ins B\u00fcro und Sven bleibt mit Betty zu Hause. F\u00fcr sieben Monate ist Sven jetzt Vollzeit-Papa. &#8222;Betty und ich machen uns dann immer einen sch\u00f6nen Tag&#8220;, so stellt sich der IT-Spezialist sein neues Leben vor. Statt einer neuen Software entwickelt Sven ab sofort neue Wickel-Strategien.<\/p>\n<p>&#8222;Ich mach auf jeden Fall einiges anders, aber eine richtige Planung wie im B\u00fcro mache ich erst mal nicht.&#8220; Die \u00fcbernimmt f\u00fcr Sven und Betty, zumindest f\u00fcr die ersten Wochen, immer noch Mama Claudia: jeden Dienstag Babyschwimmen, n\u00e4chsten Donnerstag zum Kinderarzt, zwischendurch einkaufen und bei sch\u00f6nem Wetter auf jeden Fall raus. Es ist Montagmorgen: Svens Elternzeit beginnt &#8230; und es kommt alles anders.\u2019<\/p>\n<p>Das ist eigentlich keine \u00dcberraschung, wenn Mann sich auf die Situation und die Elternzeit vorbereitet, aber die Gelegenheiten dazu sind ja wirklich noch nicht allzu \u00fcppig gestreut und es ist ja auch unterhaltsamer, jemanden, der viele \u00dcberraschungen erlebt zu begleiten.<\/p>\n<p>Den Livestream k\u00f6nnen Sie <a href=\"http:\/\/www.einslive.de\/multimedia\/livestream_popup\/player_stream_select.html \" target=\"_blank\">hier<\/a> aufrufen.<\/p>\n<p><a href=\"http:\/\/radioprogramm.ard.de\/viewEvent.php?id=28475685193 \" target=\"_blank\">Quelle<\/a><\/p>\n","protected":false},"excerpt":{"rendered":"<p>Die Reportage von Vanessa Kern ist heute Abend, Montag von 23.00 &#8211; 00.00 Uhr bei Plan B auf 1LIVE zu h\u00f6ren. Im Ank\u00fcndigungstext hei\u00dft es: \u201aEr macht das Fl\u00e4schchen warm, er schiebt den Kinderwagen, er sitzt im Sandkasten auf dem Spielplatz &#8211; und das nicht nur am Wochenende. Seit Einf\u00fchrung des staatlichen Zuschusses nehmen immer [&hellip;]<\/p>\n","protected":false},"author":1,"featured_media":0,"comment_status":"open","ping_status":"open","sticky":false,"template":"","format":"standard","meta":[],"categories":[43,2,25,24],"tags":[87],"_links":{"self":[{"href":"https:\/\/vaeter-und-karriere.de\/blog\/index.php\/wp-json\/wp\/v2\/posts\/3254"}],"collection":[{"href":"https:\/\/vaeter-und-karriere.de\/blog\/index.php\/wp-json\/wp\/v2\/posts"}],"about":[{"href":"https:\/\/vaeter-und-karriere.de\/blog\/index.php\/wp-json\/wp\/v2\/types\/post"}],"author":[{"embeddable":true,"href":"https:\/\/vaeter-und-karriere.de\/blog\/index.php\/wp-json\/wp\/v2\/users\/1"}],"replies":[{"embeddable":true,"href":"https:\/\/vaeter-und-karriere.de\/blog\/index.php\/wp-json\/wp\/v2\/comments?post=3254"}],"version-history":[{"count":1,"href":"https:\/\/vaeter-und-karriere.de\/blog\/index.php\/wp-json\/wp\/v2\/posts\/3254\/revisions"}],"predecessor-version":[{"id":3255,"href":"https:\/\/vaeter-und-karriere.de\/blog\/index.php\/wp-json\/wp\/v2\/posts\/3254\/revisions\/3255"}],"wp:attachment":[{"href":"https:\/\/vaeter-und-karriere.de\/blog\/index.php\/wp-json\/wp\/v2\/media?parent=3254"}],"wp:term":[{"taxonomy":"category","embeddable":true,"href":"https:\/\/vaeter-und-karriere.de\/blog\/index.php\/wp-json\/wp\/v2\/categories?post=3254"},{"taxonomy":"post_tag","embeddable":true,"href":"https:\/\/vaeter-und-karriere.de\/blog\/index.php\/wp-json\/wp\/v2\/tags?post=3254"}],"curies":[{"name":"wp","href":"https:\/\/api.w.org\/{rel}","templated":true}]}}