{"id":2616,"date":"2009-11-15T21:58:04","date_gmt":"2009-11-15T20:58:04","guid":{"rendered":"http:\/\/vaeter-und-karriere.de\/blog\/?p=2616"},"modified":"2009-11-15T21:58:04","modified_gmt":"2009-11-15T20:58:04","slug":"vater-und-erziehungszeiten","status":"publish","type":"post","link":"https:\/\/vaeter-und-karriere.de\/blog\/index.php\/2009\/11\/15\/vater-und-erziehungszeiten\/","title":{"rendered":"V\u00e4ter und Erziehungszeiten"},"content":{"rendered":"<p><a href=\"http:\/\/www.amazon.de\/gp\/product\/3866492898?ie=UTF8&amp;tag=vaeterblog-21&amp;linkCode=as2&amp;camp=1638&amp;creative=19454&amp;creativeASIN=3866492898\"><img loading=\"lazy\" class=\"alignright\" src=\"http:\/\/ecx.images-amazon.com\/images\/I\/41xbLW%2BmmcL._SS500_.jpg \" alt=\"\" width=\"180\" height=\"180\" \/><\/a>V\u00e4tern Erziehungszeiten zu erm\u00f6glichen ist f\u00fcr Patrick Ehnis Ausdruck einer emanzipativen Politik. Er hat in seiner Dissertation, die jetzt als Buch \u201a<a href=\"http:\/\/www.amazon.de\/gp\/product\/3866492898?ie=UTF8&amp;tag=vaeterblog-21&amp;linkCode=as2&amp;camp=1638&amp;creative=19454&amp;creativeASIN=3866492898\" target=\"_blank\">V\u00e4ter und Erziehungszeiten<\/a>\u2019 vorliegt, die politischen, kulturellen und subjektiven Bedingungen f\u00fcr mehr Engagement in der Familie untersucht. Ehnis hat dazu die Akteure des Wandels analysiert. Er f\u00fchrte Interviews mit V\u00e4tern, die Erziehungszeiten \u00fcbernommen haben und mit Verantwortlichen in Betrieben, die als besonders familienbewusst ausgezeichnet wurden.<\/p>\n<p>Es gelingt ihm anschaulich, Blockaden, Widerst\u00e4nde und Triebfedern f\u00fcr eine partnerschaftliche Arbeitsteilung in den ersten Jahren nach der Geburt eines Kindes aufzuzeigen. Im betrieblichen Teil seiner Untersuchung geht er insbesondere der Frage nach, inwieweit die betriebswirtschaftliche Logik selbst zu familienbewussten Ma\u00dfnahmen unter Einbeziehung der V\u00e4ter f\u00fchrt. Zum Abschluss seiner Arbeit formuliert er Reformoptionen f\u00fcr eine gendersensible Politik. Dazu z\u00e4hlt er unter anderem eine verpflichtende \u201aV\u00e4terschutzzeit\u2019 unmittelbar nach der Geburt und die Erm\u00f6glichung paralleler Erziehungszeiten durch das Elterngeld.<\/p>\n","protected":false},"excerpt":{"rendered":"<p>V\u00e4tern Erziehungszeiten zu erm\u00f6glichen ist f\u00fcr Patrick Ehnis Ausdruck einer emanzipativen Politik. Er hat in seiner Dissertation, die jetzt als Buch \u201aV\u00e4ter und Erziehungszeiten\u2019 vorliegt, die politischen, kulturellen und subjektiven Bedingungen f\u00fcr mehr Engagement in der Familie untersucht. Ehnis hat dazu die Akteure des Wandels analysiert. Er f\u00fchrte Interviews mit V\u00e4tern, die Erziehungszeiten \u00fcbernommen haben [&hellip;]<\/p>\n","protected":false},"author":1,"featured_media":0,"comment_status":"open","ping_status":"open","sticky":false,"template":"","format":"standard","meta":[],"categories":[43,2],"tags":[150],"_links":{"self":[{"href":"https:\/\/vaeter-und-karriere.de\/blog\/index.php\/wp-json\/wp\/v2\/posts\/2616"}],"collection":[{"href":"https:\/\/vaeter-und-karriere.de\/blog\/index.php\/wp-json\/wp\/v2\/posts"}],"about":[{"href":"https:\/\/vaeter-und-karriere.de\/blog\/index.php\/wp-json\/wp\/v2\/types\/post"}],"author":[{"embeddable":true,"href":"https:\/\/vaeter-und-karriere.de\/blog\/index.php\/wp-json\/wp\/v2\/users\/1"}],"replies":[{"embeddable":true,"href":"https:\/\/vaeter-und-karriere.de\/blog\/index.php\/wp-json\/wp\/v2\/comments?post=2616"}],"version-history":[{"count":2,"href":"https:\/\/vaeter-und-karriere.de\/blog\/index.php\/wp-json\/wp\/v2\/posts\/2616\/revisions"}],"predecessor-version":[{"id":2618,"href":"https:\/\/vaeter-und-karriere.de\/blog\/index.php\/wp-json\/wp\/v2\/posts\/2616\/revisions\/2618"}],"wp:attachment":[{"href":"https:\/\/vaeter-und-karriere.de\/blog\/index.php\/wp-json\/wp\/v2\/media?parent=2616"}],"wp:term":[{"taxonomy":"category","embeddable":true,"href":"https:\/\/vaeter-und-karriere.de\/blog\/index.php\/wp-json\/wp\/v2\/categories?post=2616"},{"taxonomy":"post_tag","embeddable":true,"href":"https:\/\/vaeter-und-karriere.de\/blog\/index.php\/wp-json\/wp\/v2\/tags?post=2616"}],"curies":[{"name":"wp","href":"https:\/\/api.w.org\/{rel}","templated":true}]}}