{"id":2516,"date":"2009-10-24T20:39:27","date_gmt":"2009-10-24T19:39:27","guid":{"rendered":"http:\/\/vaeter-und-karriere.de\/blog\/?p=2516"},"modified":"2009-10-24T20:50:58","modified_gmt":"2009-10-24T19:50:58","slug":"politik-fur-vater","status":"publish","type":"post","link":"https:\/\/vaeter-und-karriere.de\/blog\/index.php\/2009\/10\/24\/politik-fur-vater\/","title":{"rendered":"Politik f\u00fcr V\u00e4ter?"},"content":{"rendered":"<p>Ein Auszug aus dem <a href=\"http:\/\/www.cdu.de\/doc\/pdfc\/091024-koalitionsvertrag-cducsu-fdp.pdf \" target=\"_blank\">Koalitionsvertrag<\/a> von Schwarz &#8211; Gelb:<\/p>\n<p>3300 Jungen und M\u00e4nnerpolitik<\/p>\n<p>3301<\/p>\n<p>3302 Wir wollen eine eigenst\u00e4ndige Jungen- und M\u00e4nnerpolitik entwickeln und bereits<\/p>\n<p>3303 bestehende Projekte f\u00fcr Jungen und junge M\u00e4nner fortf\u00fchren und intensivieren.<\/p>\n<p>3304 Damit er\u00f6ffnen wir ihnen auch in erzieherischen und pflegerischen Berufen erwei-<\/p>\n<p>3305 terte Perspektiven. Die Zusammenarbeit mit <a href=\"http:\/\/www.vend-ev.de\" target=\"_blank\">V\u00e4terorganisationen<\/a> und anderen<\/p>\n<p>3306 gleichstellungsorientierten M\u00e4nnerorganisationen soll intensiviert werden.<\/p>\n<p>Worte sind geduldig, es kommt darauf an, was WIR daraus machen. Erste <a href=\"http:\/\/www.bundesforum-maenner.de\/\" target=\"_blank\">Schritte<\/a> sind getan.<\/p>\n","protected":false},"excerpt":{"rendered":"<p>Ein Auszug aus dem Koalitionsvertrag von Schwarz &#8211; Gelb: 3300 Jungen und M\u00e4nnerpolitik 3301 3302 Wir wollen eine eigenst\u00e4ndige Jungen- und M\u00e4nnerpolitik entwickeln und bereits 3303 bestehende Projekte f\u00fcr Jungen und junge M\u00e4nner fortf\u00fchren und intensivieren. 3304 Damit er\u00f6ffnen wir ihnen auch in erzieherischen und pflegerischen Berufen erwei- 3305 terte Perspektiven. Die Zusammenarbeit mit V\u00e4terorganisationen [&hellip;]<\/p>\n","protected":false},"author":1,"featured_media":0,"comment_status":"open","ping_status":"open","sticky":false,"template":"","format":"standard","meta":[],"categories":[6],"tags":[],"_links":{"self":[{"href":"https:\/\/vaeter-und-karriere.de\/blog\/index.php\/wp-json\/wp\/v2\/posts\/2516"}],"collection":[{"href":"https:\/\/vaeter-und-karriere.de\/blog\/index.php\/wp-json\/wp\/v2\/posts"}],"about":[{"href":"https:\/\/vaeter-und-karriere.de\/blog\/index.php\/wp-json\/wp\/v2\/types\/post"}],"author":[{"embeddable":true,"href":"https:\/\/vaeter-und-karriere.de\/blog\/index.php\/wp-json\/wp\/v2\/users\/1"}],"replies":[{"embeddable":true,"href":"https:\/\/vaeter-und-karriere.de\/blog\/index.php\/wp-json\/wp\/v2\/comments?post=2516"}],"version-history":[{"count":4,"href":"https:\/\/vaeter-und-karriere.de\/blog\/index.php\/wp-json\/wp\/v2\/posts\/2516\/revisions"}],"predecessor-version":[{"id":2520,"href":"https:\/\/vaeter-und-karriere.de\/blog\/index.php\/wp-json\/wp\/v2\/posts\/2516\/revisions\/2520"}],"wp:attachment":[{"href":"https:\/\/vaeter-und-karriere.de\/blog\/index.php\/wp-json\/wp\/v2\/media?parent=2516"}],"wp:term":[{"taxonomy":"category","embeddable":true,"href":"https:\/\/vaeter-und-karriere.de\/blog\/index.php\/wp-json\/wp\/v2\/categories?post=2516"},{"taxonomy":"post_tag","embeddable":true,"href":"https:\/\/vaeter-und-karriere.de\/blog\/index.php\/wp-json\/wp\/v2\/tags?post=2516"}],"curies":[{"name":"wp","href":"https:\/\/api.w.org\/{rel}","templated":true}]}}