{"id":231,"date":"2006-12-19T21:20:00","date_gmt":"2006-12-19T19:20:00","guid":{"rendered":"http:\/\/vaeter-und-karriere.de\/blog\/index.php\/2006\/12\/19\/der-chef-sorgt-furs-baby\/"},"modified":"2007-02-01T16:51:48","modified_gmt":"2007-02-01T14:51:48","slug":"der-chef-sorgt-furs-baby","status":"publish","type":"post","link":"https:\/\/vaeter-und-karriere.de\/blog\/index.php\/2006\/12\/19\/der-chef-sorgt-furs-baby\/","title":{"rendered":"Der Chef sorgt f\u00fcrs Baby"},"content":{"rendered":"<p style=\"margin: 6pt 0cm 0.0001pt\"><span style=\"font-size: 10pt; font-family: Verdana\">So titelt die Online Ausgabe der Wirtschaftswoche ihre <a target=\"_blank\" href=\"http:\/\/www.wiwo.de\/pswiwo\/fn\/ww2\/sfn\/slink\/bid\/188334\/index.html\">Meldung<\/a> zum heute erschienen <a target=\"_blank\" href=\"http:\/\/www.bmfsfj.de\/Kategorien\/Publikationen\/Publikationen,did=89478.html\">Unternehmensmonitor Familienfreundlichkeit<\/a>.<\/span><\/p>\n<p style=\"margin: 6pt 0cm 0.0001pt\"><span style=\"font-size: 10pt; font-family: Verdana\">Die deutsche Wirtschaft entdeckt zunehmend die Vorteile der Familienfreundlichkeit. So erm\u00f6glichen die Unternehmen einer Studie zufolge immer h\u00e4ufiger flexible Arbeitszeiten und bessere Einbeziehung w\u00e4hrend der Elternzeit. Die Chefs sind auch nicht mehr so z\u00f6gerlich, Papi gegen\u00fcber seinen Kindern in die Pflicht zu nehmen.<\/span><\/p>\n<p style=\"margin: 6pt 0cm 0.0001pt\"><span class=\"lcontrowtext\"><span style=\"font-size: 10pt; font-family: Verdana\">Laut IW-Direktor Michael H\u00fcther werden die Arbeitgeber bei der wachsenden Wertsch\u00e4tzung der Familie von handfesten \u00f6konomischen Interessen angetrieben. \u201eEs handelt sich also nicht um Folklore.\u201c Die Unternehmen h\u00e4tten erkannt, dass sie durch entsprechende Angebote qualifizierte Kr\u00e4fte in ihre Betriebe locken und ihre Mitarbeiter halten k\u00f6nnten. So gaben 83 Prozent der Befragten an, durch eine entsprechende Ma\u00dfnahme die eigene Attraktivit\u00e4t auf einem immer st\u00e4rker umk\u00e4mpften Arbeitsmarkt steigern zu k\u00f6nnen.<\/span><\/span><span style=\"font-size: 10pt; font-family: Verdana\"> <\/span><\/p>\n<p class=\"MsoNormal\" style=\"margin-top: 6pt\"><span class=\"lcontrowtext0\"><span style=\"font-size: 10pt; font-family: Verdana\">Arbeitgeberchef Dieter Hundt sagte, angesichts des jetzt bereits sp\u00fcrbaren Fachkr\u00e4ftemangels werde es f\u00fcr die Unternehmen immer wichtiger, \u201eKnow-how und die Erfahrung der Besch\u00e4ftigten im Betrieb zu halten\u201c.<\/span><\/span><span style=\"font-size: 10pt; font-family: Verdana\" \/><\/p>\n","protected":false},"excerpt":{"rendered":"<p>So titelt die Online Ausgabe der Wirtschaftswoche ihre Meldung zum heute erschienen Unternehmensmonitor Familienfreundlichkeit. Die deutsche Wirtschaft entdeckt zunehmend die Vorteile der Familienfreundlichkeit. So erm\u00f6glichen die Unternehmen einer Studie zufolge immer h\u00e4ufiger flexible Arbeitszeiten und bessere Einbeziehung w\u00e4hrend der Elternzeit. Die Chefs sind auch nicht mehr so z\u00f6gerlich, Papi gegen\u00fcber seinen Kindern in die Pflicht [&hellip;]<\/p>\n","protected":false},"author":1,"featured_media":0,"comment_status":"open","ping_status":"open","sticky":false,"template":"","format":"standard","meta":[],"categories":[21,31],"tags":[],"_links":{"self":[{"href":"https:\/\/vaeter-und-karriere.de\/blog\/index.php\/wp-json\/wp\/v2\/posts\/231"}],"collection":[{"href":"https:\/\/vaeter-und-karriere.de\/blog\/index.php\/wp-json\/wp\/v2\/posts"}],"about":[{"href":"https:\/\/vaeter-und-karriere.de\/blog\/index.php\/wp-json\/wp\/v2\/types\/post"}],"author":[{"embeddable":true,"href":"https:\/\/vaeter-und-karriere.de\/blog\/index.php\/wp-json\/wp\/v2\/users\/1"}],"replies":[{"embeddable":true,"href":"https:\/\/vaeter-und-karriere.de\/blog\/index.php\/wp-json\/wp\/v2\/comments?post=231"}],"version-history":[{"count":0,"href":"https:\/\/vaeter-und-karriere.de\/blog\/index.php\/wp-json\/wp\/v2\/posts\/231\/revisions"}],"wp:attachment":[{"href":"https:\/\/vaeter-und-karriere.de\/blog\/index.php\/wp-json\/wp\/v2\/media?parent=231"}],"wp:term":[{"taxonomy":"category","embeddable":true,"href":"https:\/\/vaeter-und-karriere.de\/blog\/index.php\/wp-json\/wp\/v2\/categories?post=231"},{"taxonomy":"post_tag","embeddable":true,"href":"https:\/\/vaeter-und-karriere.de\/blog\/index.php\/wp-json\/wp\/v2\/tags?post=231"}],"curies":[{"name":"wp","href":"https:\/\/api.w.org\/{rel}","templated":true}]}}