{"id":2281,"date":"2009-08-20T12:32:09","date_gmt":"2009-08-20T11:32:09","guid":{"rendered":"http:\/\/vaeter-und-karriere.de\/blog\/?p=2281"},"modified":"2009-08-20T20:59:40","modified_gmt":"2009-08-20T19:59:40","slug":"vater-sind-fur-kinder-einzigartig","status":"publish","type":"post","link":"https:\/\/vaeter-und-karriere.de\/blog\/index.php\/2009\/08\/20\/vater-sind-fur-kinder-einzigartig\/","title":{"rendered":"V\u00e4ter sind f\u00fcr Kinder einzigartig"},"content":{"rendered":"<p class=\"MsoNormal\" style=\"margin-top: 6pt;\"><span style=\"font-size: 10pt; font-family: Verdana;\">Warum das so ist, kann Mann nicht oft genug wiederholen. In der heutigen aussage der <a href=\"http:\/\/www.welt.de\" target=\"_blank\">Welt<\/a> wird der Familienforscher W. Fthenakis danach gefragt. Daneben \u00e4u\u00dfert er sich auch zu dem sich kontinuierlich vollziehenden Wandel der Einstellungen von V\u00e4tern und deren Konsequenzen f\u00fcr Partnerschaft, Kinder und Karriere:<\/span><\/p>\n<p class=\"MsoNormal\" style=\"margin-top: 6pt;\"><span style=\"font-size: 10pt; font-family: Verdana;\">\u201a \u2026 Haben sich die V\u00e4ter heute ver\u00e4ndert? <\/span><\/p>\n<p class=\"MsoNormal\" style=\"margin-top: 6pt;\"><span style=\"font-size: 10pt; font-family: Verdana;\">Fthenakis: <\/span><span style=\"font-size: 10pt; font-family: Verdana;\">Die V\u00e4ter haben eine subjektive Evolution hinter sich gebracht. Ich habe dazu eine empirische Studie initiiert. Mich interessierten nicht nur die Fragen, was V\u00e4ter tun, wie pr\u00e4sent sie in der Familie sind, wie viele Aufgaben sie in der Familie \u00fcbernehmen und von welcher Qualit\u00e4t ihre Beziehung zu dem Kind ist. Was mich auch interessierte, war: Welche Visionen entwickeln sie? Welche Tr\u00e4ume haben sie, wie entwickeln sie subjektiv ihr Vaterschaftskonzept? <\/span><\/p>\n<p class=\"MsoNormal\" style=\"margin-top: 6pt;\"><span style=\"font-size: 10pt; font-family: Verdana;\">Und wie m\u00f6chten die V\u00e4ter heute sein? <\/span><\/p>\n<p class=\"MsoNormal\" style=\"margin-top: 6pt;\"><span style=\"font-size: 10pt; font-family: Verdana;\">Fthenakis: <\/span><span style=\"font-size: 10pt; font-family: Verdana;\">Die Antworten der V\u00e4ter beziehen sich auf vier Dimensionen von Vaterschaft: die soziale Funktion, die Brotverdiener-Funktion, die instrumentelle Funktion, das hei\u00dft, dem Kind Kleider und Bildung auszustellen und die Bereitschaft des Mannes, zugunsten der Familie und der Kinder seine Karriere zur\u00fcckzustellen. <\/span><\/p>\n<p class=\"MsoNormal\" style=\"margin-top: 6pt;\"><span style=\"font-size: 10pt; font-family: Verdana;\">Was uns \u00fcberrascht hat, war, dass die soziale Funktion die dominante war. Gefolgt von der Brotverdiener-Funktion, dann kamen die instrumentelle und dann die Bereitschaft, auf Karriere zu verzichten. Wir hatten eigentlich damit gerechnet, dass die Brotverdiener-Funktion an erster Stelle steht. <\/span><\/p>\n<p class=\"MsoNormal\" style=\"margin-top: 6pt;\"><span style=\"font-size: 10pt; font-family: Verdana;\">Wie erkl\u00e4ren Sie sich das? <\/span><\/p>\n<p class=\"MsoNormal\" style=\"margin-top: 6pt;\"><span style=\"font-size: 10pt; font-family: Verdana;\">Fthenakis:<\/span><span style=\"font-size: 10pt; font-family: Verdana;\"> Die Qualit\u00e4t der Beziehung zum eigenen Vater, aber auch die Qualit\u00e4t der Partnerschaft spielt eine wichtige Rolle: Eine funktionierende Qualit\u00e4t in der Partnerschaft beeinflusst die soziale Vaterschaft positiv. Auch die Lebensziele, die sich der Vater gesetzt hat, das Ausbildungsniveau, das er genossen hat, all das und weitere Faktoren erkl\u00e4ren diesen Wandel. <\/span><\/p>\n<p class=\"MsoNormal\" style=\"margin-top: 6pt;\"><span style=\"font-size: 10pt; font-family: Verdana;\">Welche Konsequenzen hat eine solche Entwicklung? <\/span><\/p>\n<p class=\"MsoNormal\" style=\"margin-top: 6pt;\"><span style=\"font-size: 10pt; font-family: Verdana;\">Fthenakis:<\/span><span style=\"font-size: 10pt; font-family: Verdana;\"> Dass der Vater zum Beispiel einen \u00e4hnlich starken inneren Konflikt wie die Frau erlebt, wenn ihm nicht die Vereinbarkeit von Familie und Beruf gelingt. Es zeigt auch, dass M\u00e4nner sich nicht nur f\u00fcr die Karriere, sondern auch f\u00fcr die Kinder engagieren. \u2026 &#8218;<br \/>\n<\/span><\/p>\n<p class=\"MsoNormal\" style=\"margin-top: 6pt;\"><a href=\"http:\/\/www.welt.de\/vermischtes\/article4353957\/Das-macht-Vaeter-fuer-ihre-Kinder-so-einzigartig.html \" target=\"_blank\"><span style=\"font-size: 10pt; font-family: Verdana;\">Quelle<\/span><\/a><\/p>\n","protected":false},"excerpt":{"rendered":"<p>Warum das so ist, kann Mann nicht oft genug wiederholen. In der heutigen aussage der Welt wird der Familienforscher W. Fthenakis danach gefragt. Daneben \u00e4u\u00dfert er sich auch zu dem sich kontinuierlich vollziehenden Wandel der Einstellungen von V\u00e4tern und deren Konsequenzen f\u00fcr Partnerschaft, Kinder und Karriere: \u201a \u2026 Haben sich die V\u00e4ter heute ver\u00e4ndert? Fthenakis: [&hellip;]<\/p>\n","protected":false},"author":1,"featured_media":0,"comment_status":"open","ping_status":"open","sticky":false,"template":"","format":"standard","meta":[],"categories":[43,47,71],"tags":[272],"_links":{"self":[{"href":"https:\/\/vaeter-und-karriere.de\/blog\/index.php\/wp-json\/wp\/v2\/posts\/2281"}],"collection":[{"href":"https:\/\/vaeter-und-karriere.de\/blog\/index.php\/wp-json\/wp\/v2\/posts"}],"about":[{"href":"https:\/\/vaeter-und-karriere.de\/blog\/index.php\/wp-json\/wp\/v2\/types\/post"}],"author":[{"embeddable":true,"href":"https:\/\/vaeter-und-karriere.de\/blog\/index.php\/wp-json\/wp\/v2\/users\/1"}],"replies":[{"embeddable":true,"href":"https:\/\/vaeter-und-karriere.de\/blog\/index.php\/wp-json\/wp\/v2\/comments?post=2281"}],"version-history":[{"count":4,"href":"https:\/\/vaeter-und-karriere.de\/blog\/index.php\/wp-json\/wp\/v2\/posts\/2281\/revisions"}],"predecessor-version":[{"id":2294,"href":"https:\/\/vaeter-und-karriere.de\/blog\/index.php\/wp-json\/wp\/v2\/posts\/2281\/revisions\/2294"}],"wp:attachment":[{"href":"https:\/\/vaeter-und-karriere.de\/blog\/index.php\/wp-json\/wp\/v2\/media?parent=2281"}],"wp:term":[{"taxonomy":"category","embeddable":true,"href":"https:\/\/vaeter-und-karriere.de\/blog\/index.php\/wp-json\/wp\/v2\/categories?post=2281"},{"taxonomy":"post_tag","embeddable":true,"href":"https:\/\/vaeter-und-karriere.de\/blog\/index.php\/wp-json\/wp\/v2\/tags?post=2281"}],"curies":[{"name":"wp","href":"https:\/\/api.w.org\/{rel}","templated":true}]}}