{"id":2258,"date":"2009-08-13T14:41:35","date_gmt":"2009-08-13T13:41:35","guid":{"rendered":"http:\/\/vaeter-und-karriere.de\/blog\/?p=2258"},"modified":"2009-08-20T21:16:17","modified_gmt":"2009-08-20T20:16:17","slug":"vater-wollen-familiare-und-berufliche-verantwortung-vereinbaren","status":"publish","type":"post","link":"https:\/\/vaeter-und-karriere.de\/blog\/index.php\/2009\/08\/13\/vater-wollen-familiare-und-berufliche-verantwortung-vereinbaren\/","title":{"rendered":"V\u00e4ter wollen famili\u00e4re und berufliche Verantwortung vereinbaren"},"content":{"rendered":"<p class=\"MsoNormal\" style=\"margin-top: 6pt;\"><span style=\"font-size: 10pt; font-family: Verdana;\">Ich bin gerade dabei f\u00fcr einen Beitrag die Internet Seiten der Parteien auf das Stichwort \u201aV\u00e4ter\u2019 zu analysieren. Bei den Gr\u00fcnen finde ich neben dem <a href=\"http:\/\/www.ekin-deligoez.de\/uploads\/media\/090526_BeschlussAK5_Vaeterpolitik.pdf \" target=\"_blank\">Positionspapier<\/a> von Ekin Delig\u00f6z einen Bericht zum Familienkongress vom Herbst 2007. Dort hei\u00dft es unter anderem:<\/span><\/p>\n<p class=\"MsoNormal\" style=\"margin-top: 6pt;\"><span style=\"font-size: 10pt; font-family: Verdana;\">\u201aAuch habe sich das Selbstverst\u00e4ndnis von M\u00e4nnern erheblich gewandelt, wie Prof. Fthenakis auch mit Verweis auf seine eigenen Forschungsergebnisse darlegen konnte. Damit sei zwar noch keine Gleichstellung der Geschlechter erreicht, aber doch mehr Bewegung entstanden als bisweilen vermutet werde. <\/span><\/p>\n<p class=\"MsoNormal\" style=\"margin-top: 6pt;\"><span style=\"font-size: 10pt; font-family: Verdana;\">Neue, egalit\u00e4re Vaterschaftskonzepte seien eben \u00fcberhaupt keine Seltenheit, so dass bei der Etablierung symmetrischer, partnerschaftlich organisierter Beziehungen zwischen Frauen und M\u00e4nnern, bei der \u00dcbernahme von Erziehungsverantwortung der M\u00e4nner sowie bei der st\u00e4rkeren Realisierung des Kinderwunschs es zum Besten stehen m\u00fcsste. Eigentlich! <\/span><\/p>\n<p class=\"MsoNormal\" style=\"margin-top: 6pt;\"><span style=\"font-size: 10pt; font-family: Verdana;\">Seine zentrale These jedoch besagte, das gesellschaftspolitische System sei &#8222;hochgradig effizient organisiert, wenn es darum geht, die Umsetzung solcher Konzepte zu verhindern.&#8220;<\/span><\/p>\n<p class=\"MsoNormal\" style=\"margin-top: 6pt;\"><span style=\"font-size: 10pt; font-family: Verdana;\">Und was unternehmen bzw. planen die Parteien um daran etwas zu \u00e4ndern? Dar\u00fcber werde ich an dieser Stelle in den n\u00e4chsten Wochen berichten.<br \/>\n<\/span><\/p>\n<p class=\"MsoNormal\" style=\"margin-top: 6pt;\"><a href=\"http:\/\/www.gruene-bundestag.de\/cms\/familie\/dok\/220\/220017.familie_21-seite~4.html \" target=\"_blank\"><span style=\"font-size: 10pt; font-family: Verdana;\">Quelle<\/span><\/a><\/p>\n","protected":false},"excerpt":{"rendered":"<p>Ich bin gerade dabei f\u00fcr einen Beitrag die Internet Seiten der Parteien auf das Stichwort \u201aV\u00e4ter\u2019 zu analysieren. Bei den Gr\u00fcnen finde ich neben dem Positionspapier von Ekin Delig\u00f6z einen Bericht zum Familienkongress vom Herbst 2007. Dort hei\u00dft es unter anderem: \u201aAuch habe sich das Selbstverst\u00e4ndnis von M\u00e4nnern erheblich gewandelt, wie Prof. Fthenakis auch mit [&hellip;]<\/p>\n","protected":false},"author":1,"featured_media":0,"comment_status":"open","ping_status":"open","sticky":false,"template":"","format":"standard","meta":[],"categories":[6],"tags":[195,91],"_links":{"self":[{"href":"https:\/\/vaeter-und-karriere.de\/blog\/index.php\/wp-json\/wp\/v2\/posts\/2258"}],"collection":[{"href":"https:\/\/vaeter-und-karriere.de\/blog\/index.php\/wp-json\/wp\/v2\/posts"}],"about":[{"href":"https:\/\/vaeter-und-karriere.de\/blog\/index.php\/wp-json\/wp\/v2\/types\/post"}],"author":[{"embeddable":true,"href":"https:\/\/vaeter-und-karriere.de\/blog\/index.php\/wp-json\/wp\/v2\/users\/1"}],"replies":[{"embeddable":true,"href":"https:\/\/vaeter-und-karriere.de\/blog\/index.php\/wp-json\/wp\/v2\/comments?post=2258"}],"version-history":[{"count":2,"href":"https:\/\/vaeter-und-karriere.de\/blog\/index.php\/wp-json\/wp\/v2\/posts\/2258\/revisions"}],"predecessor-version":[{"id":2304,"href":"https:\/\/vaeter-und-karriere.de\/blog\/index.php\/wp-json\/wp\/v2\/posts\/2258\/revisions\/2304"}],"wp:attachment":[{"href":"https:\/\/vaeter-und-karriere.de\/blog\/index.php\/wp-json\/wp\/v2\/media?parent=2258"}],"wp:term":[{"taxonomy":"category","embeddable":true,"href":"https:\/\/vaeter-und-karriere.de\/blog\/index.php\/wp-json\/wp\/v2\/categories?post=2258"},{"taxonomy":"post_tag","embeddable":true,"href":"https:\/\/vaeter-und-karriere.de\/blog\/index.php\/wp-json\/wp\/v2\/tags?post=2258"}],"curies":[{"name":"wp","href":"https:\/\/api.w.org\/{rel}","templated":true}]}}