{"id":1827,"date":"2009-04-07T14:05:07","date_gmt":"2009-04-07T13:05:07","guid":{"rendered":"http:\/\/vaeter-und-karriere.de\/blog\/?p=1827"},"modified":"2009-04-07T14:05:07","modified_gmt":"2009-04-07T13:05:07","slug":"babyboomer-kommen-in-die-jahre","status":"publish","type":"post","link":"https:\/\/vaeter-und-karriere.de\/blog\/index.php\/2009\/04\/07\/babyboomer-kommen-in-die-jahre\/","title":{"rendered":"Babyboomer kommen in die Jahre"},"content":{"rendered":"<p><!--[if gte mso 9]><xml> <w:WordDocument> <w:View>Normal<\/w:View> <w:Zoom>0<\/w:Zoom> <w:HyphenationZone>21<\/w:HyphenationZone> <w:PunctuationKerning \/> <w:ValidateAgainstSchemas \/> <w:SaveIfXMLInvalid>false<\/w:SaveIfXMLInvalid> <w:IgnoreMixedContent>false<\/w:IgnoreMixedContent> <w:AlwaysShowPlaceholderText>false<\/w:AlwaysShowPlaceholderText> <w:Compatibility> <w:BreakWrappedTables \/> <w:SnapToGridInCell \/> <w:WrapTextWithPunct \/> <w:UseAsianBreakRules \/> <w:DontGrowAutofit \/> <\/w:Compatibility> <w:BrowserLevel>MicrosoftInternetExplorer4<\/w:BrowserLevel> <\/w:WordDocument> <\/xml><![endif]--><!--[if gte mso 9]><xml> <w:LatentStyles DefLockedState=\"false\" LatentStyleCount=\"156\"> <\/w:LatentStyles> <\/xml><![endif]--> <!--[if gte mso 10]> <mce:style><!\n\/* Style Definitions *\/\ntable.MsoNormalTable\n{mso-style-name:\"Normale Tabelle\";\nmso-tstyle-rowband-size:0;\nmso-tstyle-colband-size:0;\nmso-style-noshow:yes;\nmso-style-parent:\"\";\nmso-padding-alt:0cm 5.4pt 0cm 5.4pt;\nmso-para-margin:0cm;\nmso-para-margin-bottom:.0001pt;\nmso-pagination:widow-orphan;\nfont-size:10.0pt;\nfont-family:\"Times New Roman\";\nmso-ansi-language:#0400;\nmso-fareast-language:#0400;\nmso-bidi-language:#0400;}\n--> <!--[endif]--><\/p>\n<p class=\"MsoNormal\" style=\"margin-top: 6pt;\"><span style=\"font-size: 10pt; font-family: Verdana;\">F\u00fcr Geld kann man nicht alles kaufen. Und so ist die Zahl der Geburten in Deutschland auch mit Elterngeld im vergangenen Jahr und entgegen den bisherigen Erwartungen zur\u00fcckgegangen. Wie das <a href=\"http:\/\/www.destatis.de\" target=\"_blank\">Statistische Bundesamt<\/a> aufgrund vorl\u00e4ufiger <a href=\"http:\/\/www.destatis.de\/jetspeed\/portal\/cms\/Sites\/destatis\/Internet\/DE\/Presse\/pm\/2009\/04\/PD09__137__126.psml \" target=\"_blank\">Zahlen<\/a> mitteilte, wurden 2008 in Deutschland 675.000 Kindern lebend geboren.<\/span><\/p>\n<p class=\"MsoNormal\" style=\"margin-top: 6pt;\"><span style=\"font-size: 10pt; font-family: Verdana;\"><a href=\"http:\/\/www.fr-online.de\/_em_daten\/_dpa\/2009\/01\/27\/090127_1049_jpeg_1ytt3233_20060412_img_20175930_onlinebild.jpg \"><img loading=\"lazy\" class=\"alignright\" src=\"http:\/\/www.fr-online.de\/_em_daten\/_dpa\/2009\/01\/27\/090127_1049_jpeg_1ytt3233_20060412_img_20175930_onlinebild.jpg \" alt=\"\" width=\"320\" height=\"240\" \/><\/a>Das sind rund 8000 oder 1,1 % weniger als 2007, als 683.000 Kinder zur Welt kamen. Vor allem im letzten Quartal lag die Geburtenrate deutlich unterhalb des Vorjahres. Von Januar bis September war die Geburtenzahl noch um 3400 auf 517.549 gestiegen. Das Statistische Bundesamt hatte urspr\u00fcnglich gar 680.000 bis 690.000 Geburten f\u00fcr das Gesamtjahr prognostiziert.<\/span><\/p>\n<p class=\"MsoNormal\" style=\"margin-top: 6pt;\"><span style=\"font-size: 10pt; font-family: Verdana;\">Bundesfamilienministerin Ursula von der Leyen spricht von einem &#8222;ungew\u00f6hnlichen Einbruch der Geburtenzahlen im letzten Quartal 2008&#8220;, den niemand habe vorhersehen k\u00f6nnen. Der vorl\u00e4ufige Anstieg der Statistik von 2007 bis September 2008 und der anschlie\u00dfende R\u00fcckgang zeigten, dass der Mut zu Kindern noch &#8222;ein zartes Pfl\u00e4nzchen&#8220; sei, sagte die Ministerin. Junge Familien br\u00e4uchten gezielte Hilfen wie das Elterngeld, verst\u00e4ndnisvolle Arbeitgeber und eine gute Kinderbetreuung. &#8222;Hier m\u00fcssen wir einfach noch besser werden&#8220;, sagt von der Leyen.<\/span><\/p>\n<p class=\"MsoNormal\" style=\"margin-top: 6pt;\"><span style=\"font-size: 10pt; font-family: Verdana;\">Das gilt nat\u00fcrlich auch f\u00fcr die Politik: Mit der Neuregelung des Elterngeldes vor fast 3 Jahrenhat Deutschland zwar Anschluss an eine moderne europ\u00e4ische Familienpolitik bekommen. Jetzt kommt es darauf, das Kind in den Mittelpunkt der F\u00f6rderung zu stellen und das Elterngeldgesetz so zu novellieren, das V\u00e4ter und M\u00fctter Erwerbs- und Familienarbeit partnerschaftlich aufteilen und insbesondere V\u00e4ter ihre Anspr\u00fcche in Unternehmen umsetzen k\u00f6nnen, ohne berufliche Nachteile bef\u00fcrchten zu m\u00fcssen.<\/span><\/p>\n<p class=\"MsoNormal\" style=\"margin-top: 6pt;\"><a href=\"http:\/\/www.fr-online.de\/top_news\/1713604_Kein-Babyboom-Zahl-der-Geburten-sinkt-wieder.html \" target=\"_blank\"><span style=\"font-size: 10pt; font-family: Verdana;\">Quelle<\/span><\/a><\/p>\n","protected":false},"excerpt":{"rendered":"<p>F\u00fcr Geld kann man nicht alles kaufen. Und so ist die Zahl der Geburten in Deutschland auch mit Elterngeld im vergangenen Jahr und entgegen den bisherigen Erwartungen zur\u00fcckgegangen. Wie das Statistische Bundesamt aufgrund vorl\u00e4ufiger Zahlen mitteilte, wurden 2008 in Deutschland 675.000 Kindern lebend geboren. Das sind rund 8000 oder 1,1 % weniger als 2007, als [&hellip;]<\/p>\n","protected":false},"author":1,"featured_media":0,"comment_status":"open","ping_status":"open","sticky":false,"template":"","format":"standard","meta":[],"categories":[15,8,6],"tags":[58],"_links":{"self":[{"href":"https:\/\/vaeter-und-karriere.de\/blog\/index.php\/wp-json\/wp\/v2\/posts\/1827"}],"collection":[{"href":"https:\/\/vaeter-und-karriere.de\/blog\/index.php\/wp-json\/wp\/v2\/posts"}],"about":[{"href":"https:\/\/vaeter-und-karriere.de\/blog\/index.php\/wp-json\/wp\/v2\/types\/post"}],"author":[{"embeddable":true,"href":"https:\/\/vaeter-und-karriere.de\/blog\/index.php\/wp-json\/wp\/v2\/users\/1"}],"replies":[{"embeddable":true,"href":"https:\/\/vaeter-und-karriere.de\/blog\/index.php\/wp-json\/wp\/v2\/comments?post=1827"}],"version-history":[{"count":1,"href":"https:\/\/vaeter-und-karriere.de\/blog\/index.php\/wp-json\/wp\/v2\/posts\/1827\/revisions"}],"predecessor-version":[{"id":1828,"href":"https:\/\/vaeter-und-karriere.de\/blog\/index.php\/wp-json\/wp\/v2\/posts\/1827\/revisions\/1828"}],"wp:attachment":[{"href":"https:\/\/vaeter-und-karriere.de\/blog\/index.php\/wp-json\/wp\/v2\/media?parent=1827"}],"wp:term":[{"taxonomy":"category","embeddable":true,"href":"https:\/\/vaeter-und-karriere.de\/blog\/index.php\/wp-json\/wp\/v2\/categories?post=1827"},{"taxonomy":"post_tag","embeddable":true,"href":"https:\/\/vaeter-und-karriere.de\/blog\/index.php\/wp-json\/wp\/v2\/tags?post=1827"}],"curies":[{"name":"wp","href":"https:\/\/api.w.org\/{rel}","templated":true}]}}