{"id":1758,"date":"2009-03-29T13:40:21","date_gmt":"2009-03-29T12:40:21","guid":{"rendered":"http:\/\/vaeter-und-karriere.de\/blog\/?p=1758"},"modified":"2009-03-29T16:39:35","modified_gmt":"2009-03-29T15:39:35","slug":"der-mut-zu-uberleben","status":"publish","type":"post","link":"https:\/\/vaeter-und-karriere.de\/blog\/index.php\/2009\/03\/29\/der-mut-zu-uberleben\/","title":{"rendered":"Vergeben, um mit sich selber klar zu kommen"},"content":{"rendered":"<p><!--[if gte mso 9]><xml> <w:WordDocument> <w:View>Normal<\/w:View> <w:Zoom>0<\/w:Zoom> <w:HyphenationZone>21<\/w:HyphenationZone> <w:PunctuationKerning \/> <w:ValidateAgainstSchemas \/> <w:SaveIfXMLInvalid>false<\/w:SaveIfXMLInvalid> <w:IgnoreMixedContent>false<\/w:IgnoreMixedContent> <w:AlwaysShowPlaceholderText>false<\/w:AlwaysShowPlaceholderText> <w:Compatibility> <w:BreakWrappedTables \/> <w:SnapToGridInCell \/> <w:WrapTextWithPunct \/> <w:UseAsianBreakRules \/> <w:DontGrowAutofit \/> <\/w:Compatibility> <w:BrowserLevel>MicrosoftInternetExplorer4<\/w:BrowserLevel> <\/w:WordDocument> <\/xml><![endif]--><!--[if gte mso 9]><xml> <w:LatentStyles DefLockedState=\"false\" LatentStyleCount=\"156\"> <\/w:LatentStyles> <\/xml><![endif]--> <!--[if gte mso 10]> <mce:style><!\n\/* Style Definitions *\/\ntable.MsoNormalTable\n{mso-style-name:\"Normale Tabelle\";\nmso-tstyle-rowband-size:0;\nmso-tstyle-colband-size:0;\nmso-style-noshow:yes;\nmso-style-parent:\"\";\nmso-padding-alt:0cm 5.4pt 0cm 5.4pt;\nmso-para-margin:0cm;\nmso-para-margin-bottom:.0001pt;\nmso-pagination:widow-orphan;\nfont-size:10.0pt;\nfont-family:\"Times New Roman\";\nmso-ansi-language:#0400;\nmso-fareast-language:#0400;\nmso-bidi-language:#0400;}\n--> <!--[endif]--><\/p>\n<p class=\"MsoNormal\" style=\"margin-top: 6pt;\"><span style=\"font-size: 10pt; font-family: Verdana;\"><a rel=\"attachment wp-att-1759\" href=\"http:\/\/vaeter-und-karriere.de\/blog\/index.php\/2009\/03\/29\/der-mut-zu-uberleben\/jochen_senf\/\"><img loading=\"lazy\" class=\"alignright size-full wp-image-1759\" title=\"Jochen Senf\" src=\"http:\/\/vaeter-und-karriere.de\/blog\/wp-content\/uploads\/2009\/03\/jochen_senf.jpg\" alt=\"jochen_senf\" width=\"321\" height=\"258\" srcset=\"https:\/\/vaeter-und-karriere.de\/blog\/wp-content\/uploads\/2009\/03\/jochen_senf.jpg 321w, https:\/\/vaeter-und-karriere.de\/blog\/wp-content\/uploads\/2009\/03\/jochen_senf-300x241.jpg 300w\" sizes=\"(max-width: 321px) 100vw, 321px\" \/><\/a>\u201eIch habe mir irgendwann gesagt, was willst du eigentlich? Willst du untergehen, willst du eingehen oder willst du \u00fcberleben? Ich habe mich f\u00fcr das \u00dcberleben entschieden.\u201c <\/span><\/p>\n<p class=\"MsoNormal\" style=\"margin-top: 6pt;\"><span style=\"font-size: 10pt; font-family: Verdana;\"><a href=\"http:\/\/de.wikipedia.org\/wiki\/Jochen_Senf\" target=\"_blank\">Jochen Senf<\/a>, der ehemalige Tatort-Kommissar, war als Kind Opfer h\u00e4uslicher Gewalt. Heute engagiert er sich daher seit vielen Jahren f\u00fcr dieses Thema. Eins liegt ihm besonders am Herzen: \u201eEs ist leider so, dass Gewalt gegen Jungen tabuisiert wird und Gewalt gegen Jungen durch die M\u00fctter wird erst recht tabuisiert.\u201c So kommt es, dass viele Menschen ungl\u00e4ubig reagieren. Doch Senf wei\u00df wovon er spricht, denn in seiner Familie waren nicht nur M\u00e4nner T\u00e4ter: \u201eIn meinem weiteren Umfeld gab es drei Frauen, die zum Teil in exzessiver Form Kinder missbraucht haben. Ich wei\u00df das, weil ich eines der Kinder war.\u201c<\/span><\/p>\n<p class=\"MsoNormal\" style=\"margin-top: 6pt;\"><span style=\"font-size: 10pt; font-family: Verdana;\">Um zu \u00dcberleben, musste Jochen Senf lernen, mit seiner Vergangenheit zu leben. Eine M\u00f6glichkeit ist f\u00fcr ihn, offen dar\u00fcber zu sprechen, eine andere, sich mit dem Thema Vergebung auseinander zu setzen: \u201eDa das B\u00f6se zum Menschsein geh\u00f6rt, bleibt mir gar nichts anderes \u00fcbrig als auch denen zu vergeben, weil ich sonst alles was in irgendeiner Form mit Glaube oder Religion oder mit einer gewissen menschlichen Gr\u00f6\u00dfe zu tun hat verlasse. Letzten Endes muss ich vergeben, um mit mir selber klar zu kommen.\u201c<\/span><\/p>\n<p class=\"MsoNormal\" style=\"margin-top: 6pt;\"><span style=\"font-size: 10pt; font-family: Verdana;\">\u201eWas mich gepr\u00e4gt hat war, dass Gewalt nicht geschlechtsspezifisch ist.\u201c <span>Jochen Senf war am <a href=\"http:\/\/media.stream.fm\/n24-umgotteswillen\/22032009_um-gottes-_gewalttaeter.mp4 \" target=\"_blank\">22. M\u00e4rz 2009<\/a> Gast bei Julia Scherf in der Sendung \u201a<a href=\"http:\/\/www.tv-ev.de\/kirche_im_tv_1046.html\" target=\"_blank\">Um Gottes Willen \u2013 N24 Ethik<\/a>\u2019.<\/span> <\/span><\/p>\n<p class=\"MsoNormal\" style=\"margin-top: 6pt;\"><span style=\"font-size: 10pt; font-family: Verdana;\">Quelle<\/span><\/p>\n","protected":false},"excerpt":{"rendered":"<p>\u201eIch habe mir irgendwann gesagt, was willst du eigentlich? Willst du untergehen, willst du eingehen oder willst du \u00fcberleben? Ich habe mich f\u00fcr das \u00dcberleben entschieden.\u201c Jochen Senf, der ehemalige Tatort-Kommissar, war als Kind Opfer h\u00e4uslicher Gewalt. Heute engagiert er sich daher seit vielen Jahren f\u00fcr dieses Thema. Eins liegt ihm besonders am Herzen: \u201eEs [&hellip;]<\/p>\n","protected":false},"author":1,"featured_media":0,"comment_status":"open","ping_status":"open","sticky":false,"template":"","format":"standard","meta":[],"categories":[37],"tags":[181],"_links":{"self":[{"href":"https:\/\/vaeter-und-karriere.de\/blog\/index.php\/wp-json\/wp\/v2\/posts\/1758"}],"collection":[{"href":"https:\/\/vaeter-und-karriere.de\/blog\/index.php\/wp-json\/wp\/v2\/posts"}],"about":[{"href":"https:\/\/vaeter-und-karriere.de\/blog\/index.php\/wp-json\/wp\/v2\/types\/post"}],"author":[{"embeddable":true,"href":"https:\/\/vaeter-und-karriere.de\/blog\/index.php\/wp-json\/wp\/v2\/users\/1"}],"replies":[{"embeddable":true,"href":"https:\/\/vaeter-und-karriere.de\/blog\/index.php\/wp-json\/wp\/v2\/comments?post=1758"}],"version-history":[{"count":5,"href":"https:\/\/vaeter-und-karriere.de\/blog\/index.php\/wp-json\/wp\/v2\/posts\/1758\/revisions"}],"predecessor-version":[{"id":1764,"href":"https:\/\/vaeter-und-karriere.de\/blog\/index.php\/wp-json\/wp\/v2\/posts\/1758\/revisions\/1764"}],"wp:attachment":[{"href":"https:\/\/vaeter-und-karriere.de\/blog\/index.php\/wp-json\/wp\/v2\/media?parent=1758"}],"wp:term":[{"taxonomy":"category","embeddable":true,"href":"https:\/\/vaeter-und-karriere.de\/blog\/index.php\/wp-json\/wp\/v2\/categories?post=1758"},{"taxonomy":"post_tag","embeddable":true,"href":"https:\/\/vaeter-und-karriere.de\/blog\/index.php\/wp-json\/wp\/v2\/tags?post=1758"}],"curies":[{"name":"wp","href":"https:\/\/api.w.org\/{rel}","templated":true}]}}