{"id":1743,"date":"2009-03-27T08:14:42","date_gmt":"2009-03-27T07:14:42","guid":{"rendered":"http:\/\/vaeter-und-karriere.de\/blog\/?p=1743"},"modified":"2009-03-27T23:39:35","modified_gmt":"2009-03-27T22:39:35","slug":"wettbewerb-vater-des-jahres-in-der-schweiz","status":"publish","type":"post","link":"https:\/\/vaeter-und-karriere.de\/blog\/index.php\/2009\/03\/27\/wettbewerb-vater-des-jahres-in-der-schweiz\/","title":{"rendered":"Wettbewerb V\u00e4ter des Jahres in der Schweiz"},"content":{"rendered":"<p><!--[if gte mso 9]><xml> <w:WordDocument> <w:View>Normal<\/w:View> <w:Zoom>0<\/w:Zoom> <w:HyphenationZone>21<\/w:HyphenationZone> <w:PunctuationKerning \/> <w:ValidateAgainstSchemas \/> <w:SaveIfXMLInvalid>false<\/w:SaveIfXMLInvalid> <w:IgnoreMixedContent>false<\/w:IgnoreMixedContent> <w:AlwaysShowPlaceholderText>false<\/w:AlwaysShowPlaceholderText> <w:Compatibility> <w:BreakWrappedTables \/> <w:SnapToGridInCell \/> <w:WrapTextWithPunct \/> <w:UseAsianBreakRules \/> <w:DontGrowAutofit \/> <\/w:Compatibility> <w:BrowserLevel>MicrosoftInternetExplorer4<\/w:BrowserLevel> <\/w:WordDocument> <\/xml><![endif]--><!--[if gte mso 9]><xml> <w:LatentStyles DefLockedState=\"false\" LatentStyleCount=\"156\"> <\/w:LatentStyles> <\/xml><![endif]--> <!--[if gte mso 10]> <mce:style><!\n\/* Style Definitions *\/\ntable.MsoNormalTable\n{mso-style-name:\"Normale Tabelle\";\nmso-tstyle-rowband-size:0;\nmso-tstyle-colband-size:0;\nmso-style-noshow:yes;\nmso-style-parent:\"\";\nmso-padding-alt:0cm 5.4pt 0cm 5.4pt;\nmso-para-margin:0cm;\nmso-para-margin-bottom:.0001pt;\nmso-pagination:widow-orphan;\nfont-size:10.0pt;\nfont-family:\"Times New Roman\";\nmso-ansi-language:#0400;\nmso-fareast-language:#0400;\nmso-bidi-language:#0400;}\n--> <!--[endif]--><\/p>\n<p class=\"MsoNormal\" style=\"margin-top: 6pt;\"><span style=\"font-size: 10pt; font-family: Verdana;\"><a href=\"http:\/\/www.vaetertag.ch\"><img loading=\"lazy\" class=\"alignleft\" src=\"http:\/\/www.vaetertag.ch\/images\/VaetertagHand365.gif\" alt=\"\" width=\"277\" height=\"77\" \/><\/a>Um die \u00d6ffentlichkeit im Vorfeld auf den dritten <a href=\"http:\/\/www.vaetertag.ch\" target=\"_blank\">Schweizer V\u00e4tertag<\/a> <span> <\/span>einzustimmen, k\u00fcrt &#8211; nach dem Erfolg des Fotowettbewerbs im 2007 &#8211; ein Wettbewerb die \u00abV\u00e4ter des Jahres\u00bb 2009. <\/span><\/p>\n<p class=\"MsoNormal\" style=\"margin-top: 6pt;\"><strong><span style=\"font-size: 10pt; font-family: Verdana;\">\u00abMein Papi ist der Beste\u00bb<\/span><\/strong><span style=\"font-size: 10pt; font-family: Verdana;\"> &#8211; das klingt einfach wunderbar. Aber warum ist denn gerade Dein Papi der Beste? Was magst Du an ihm besonders, warum ist er f\u00fcr Dich einzigartig? Was macht ihn als Familienmann so unersetzlich? Wie lebt Ihr Familie und welche Rolle \u00fcbernimmt er in den famili\u00e4ren Aufgaben?<\/span><\/p>\n<p class=\"MsoNormal\" style=\"margin-top: 6pt;\"><strong><span style=\"font-size: 10pt; font-family: Verdana;\">Wer kann mitmachen: <\/span><\/strong><span style=\"font-size: 10pt; font-family: Verdana;\">Jede\/r \u2013 au\u00dfer der zu W\u00e4hlende selbst! Also: die Kinder, die Partnerin, der Gro\u00dfvater, die Schwiegermutter, der Cousin\u2026 \u2013 sie alle k\u00f6nnen \u00abIhren\u00bb Vater vorschlagen. Der Fragebogen ist auszuf\u00fcllen und einzusenden. F\u00fcr diesen Wettbewerb k\u00f6nnen alle in der Schweiz wohnhaften V\u00e4ter, unabh\u00e4ngig von Zivilstand oder Haushaltsform, vorgeschlagen werden.<\/span><\/p>\n<p class=\"MsoNormal\" style=\"margin-top: 6pt;\"><strong><span style=\"font-size: 10pt; font-family: Verdana;\">Was gibt es zu gewinnen? <\/span><\/strong><span style=\"font-size: 10pt; font-family: Verdana;\">Die drei Sieger V\u00e4ter schicken wir eine Woche in den Familienurlaub nach <a href=\"http:\/\/www.kaiserwinkl.com\/\" target=\"_blank\">\u00d6sterreich in den Kaiserwinkl<\/a>. F\u00fcr Entspannung und Spannung ist gesorgt. Au\u00dferdem\u00a0 wird die Gewinnerfamilie im Familienmagazin Kidy <em>swissfamily<\/em> <\/span><span style=\"font-size: 10pt; font-family: Verdana;\">portraitiert<\/span><span style=\"font-size: 10pt; font-family: Verdana;\">. <\/span><\/p>\n<p class=\"MsoNormal\" style=\"margin-top: 6pt;\"><span style=\"font-size: 10pt; font-family: Verdana;\">Als Aktionspartner haben sich <a href=\"http:\/\/www.swissfamily.ch\" target=\"_blank\">K\u00fcnzlerBachmann Verlag AG<\/a>,\u00a0 der Schweizerischer Bund f\u00fcr Elternbildung (<a href=\"http:\/\/www.elternbildung.ch\" target=\"_blank\">SBE<\/a>), und der Verbund schweiz. Fachpersonen der <a href=\"http:\/\/www.vaeternetz.ch\" target=\"_blank\">V\u00e4terarbeit<\/a>, zusammengetan.<\/span><\/p>\n<p class=\"MsoNormal\" style=\"margin-top: 6pt;\"><span style=\"font-size: 10pt; font-family: Verdana;\">Das Teilnahmeformular finden Sie <a href=\"http:\/\/www.swissfamily.ch\/Portaldata\/1\/Resources\/swissfamily\/8_marktplatz_community\/wettbewerbe\/Fragebogen_Vaeter_des_Jahres_dt.pdf\" target=\"_blank\">hier<\/a>.<\/span><\/p>\n<p class=\"MsoNormal\" style=\"margin-top: 6pt;\"><a href=\"http:\/\/www.swissfamily.ch\/desktopdefault.aspx\/tabid-729\/ \" target=\"_blank\"><span style=\"font-size: 10pt; font-family: Verdana;\">Quelle<\/span><\/a><\/p>\n","protected":false},"excerpt":{"rendered":"<p>Um die \u00d6ffentlichkeit im Vorfeld auf den dritten Schweizer V\u00e4tertag einzustimmen, k\u00fcrt &#8211; nach dem Erfolg des Fotowettbewerbs im 2007 &#8211; ein Wettbewerb die \u00abV\u00e4ter des Jahres\u00bb 2009. \u00abMein Papi ist der Beste\u00bb &#8211; das klingt einfach wunderbar. Aber warum ist denn gerade Dein Papi der Beste? Was magst Du an ihm besonders, warum ist [&hellip;]<\/p>\n","protected":false},"author":1,"featured_media":0,"comment_status":"open","ping_status":"open","sticky":false,"template":"","format":"standard","meta":[],"categories":[43],"tags":[80],"_links":{"self":[{"href":"https:\/\/vaeter-und-karriere.de\/blog\/index.php\/wp-json\/wp\/v2\/posts\/1743"}],"collection":[{"href":"https:\/\/vaeter-und-karriere.de\/blog\/index.php\/wp-json\/wp\/v2\/posts"}],"about":[{"href":"https:\/\/vaeter-und-karriere.de\/blog\/index.php\/wp-json\/wp\/v2\/types\/post"}],"author":[{"embeddable":true,"href":"https:\/\/vaeter-und-karriere.de\/blog\/index.php\/wp-json\/wp\/v2\/users\/1"}],"replies":[{"embeddable":true,"href":"https:\/\/vaeter-und-karriere.de\/blog\/index.php\/wp-json\/wp\/v2\/comments?post=1743"}],"version-history":[{"count":5,"href":"https:\/\/vaeter-und-karriere.de\/blog\/index.php\/wp-json\/wp\/v2\/posts\/1743\/revisions"}],"predecessor-version":[{"id":1748,"href":"https:\/\/vaeter-und-karriere.de\/blog\/index.php\/wp-json\/wp\/v2\/posts\/1743\/revisions\/1748"}],"wp:attachment":[{"href":"https:\/\/vaeter-und-karriere.de\/blog\/index.php\/wp-json\/wp\/v2\/media?parent=1743"}],"wp:term":[{"taxonomy":"category","embeddable":true,"href":"https:\/\/vaeter-und-karriere.de\/blog\/index.php\/wp-json\/wp\/v2\/categories?post=1743"},{"taxonomy":"post_tag","embeddable":true,"href":"https:\/\/vaeter-und-karriere.de\/blog\/index.php\/wp-json\/wp\/v2\/tags?post=1743"}],"curies":[{"name":"wp","href":"https:\/\/api.w.org\/{rel}","templated":true}]}}