{"id":1615,"date":"2009-03-08T15:06:52","date_gmt":"2009-03-08T14:06:52","guid":{"rendered":"http:\/\/vaeter-und-karriere.de\/blog\/?p=1615"},"modified":"2009-03-08T15:08:47","modified_gmt":"2009-03-08T14:08:47","slug":"gleichberechtigung-habe-ich-mir-leichter-vorgestellt","status":"publish","type":"post","link":"https:\/\/vaeter-und-karriere.de\/blog\/index.php\/2009\/03\/08\/gleichberechtigung-habe-ich-mir-leichter-vorgestellt\/","title":{"rendered":"&#8218;Gleichberechtigung habe ich mir leichter vorgestellt&#8216;"},"content":{"rendered":"<p><!--[if gte mso 9]><xml> <w:WordDocument> <w:View>Normal<\/w:View> <w:Zoom>0<\/w:Zoom> <w:HyphenationZone>21<\/w:HyphenationZone> <w:PunctuationKerning \/> <w:ValidateAgainstSchemas \/> <w:SaveIfXMLInvalid>false<\/w:SaveIfXMLInvalid> <w:IgnoreMixedContent>false<\/w:IgnoreMixedContent> <w:AlwaysShowPlaceholderText>false<\/w:AlwaysShowPlaceholderText> <w:Compatibility> <w:BreakWrappedTables \/> <w:SnapToGridInCell \/> <w:WrapTextWithPunct \/> <w:UseAsianBreakRules \/> <w:DontGrowAutofit \/> <\/w:Compatibility> <w:BrowserLevel>MicrosoftInternetExplorer4<\/w:BrowserLevel> <\/w:WordDocument> <\/xml><![endif]--><!--[if gte mso 9]><xml> <w:LatentStyles DefLockedState=\"false\" LatentStyleCount=\"156\"> <\/w:LatentStyles> <\/xml><![endif]--> <!--[if gte mso 10]> <mce:style><!\n\/* Style Definitions *\/\ntable.MsoNormalTable\n{mso-style-name:\"Normale Tabelle\";\nmso-tstyle-rowband-size:0;\nmso-tstyle-colband-size:0;\nmso-style-noshow:yes;\nmso-style-parent:\"\";\nmso-padding-alt:0cm 5.4pt 0cm 5.4pt;\nmso-para-margin:0cm;\nmso-para-margin-bottom:.0001pt;\nmso-pagination:widow-orphan;\nfont-size:10.0pt;\nfont-family:\"Times New Roman\";\nmso-ansi-language:#0400;\nmso-fareast-language:#0400;\nmso-bidi-language:#0400;}\n--> <!--[endif]--><\/p>\n<p class=\"MsoNormal\" style=\"margin-top: 6pt;\"><span style=\"font-size: 10pt; font-family: Verdana;\">Es ist vertrackt: Frauen an die Macht!, lautet seit Jahrzehnten die Parole &#8211; die Realit\u00e4t in Job, Familie, Alltag sieht, insbesondere f\u00fcr V\u00e4ter und M\u00fctter, immer noch anders aus. <a href=\"http:\/\/www.spiegel.de\" target=\"_blank\">SPIEGEL ONLINE<\/a> fragt zum Frauentag nach. F\u00fcnf M\u00e4nner, f\u00fcnf aufschlussreiche Antworten:<\/span><\/p>\n<p class=\"MsoNormal\" style=\"margin-top: 6pt;\"><strong><span style=\"font-size: 10pt; font-family: Verdana;\">Paartherapeut Woinoff: <\/span><\/strong><span style=\"font-size: 10pt; font-family: Verdana;\">&#8222;Partnersuche nach archaischen Gesichtspunkten&#8220;<\/span><span style=\"font-size: 10pt; font-family: Verdana;\"><br \/>\n&#8222;Nat\u00fcrlich machen M\u00e4nner \u00f6fter Karriere, sie haben ja auch einen doppelten Anreiz: Sie bekommen nicht nur das Geld und die gesellschaftliche Anerkennung &#8211; sie werden dadurch auch f\u00fcr Frauen attraktiver.&#8220; <a href=\"http:\/\/www.spiegel.de\/wirtschaft\/0,1518,611642,00.html\" target=\"_top\"><span style=\"color: windowtext;\">mehr&#8230;<\/span><\/a> <\/span><\/p>\n<p class=\"MsoNormal\" style=\"margin-top: 6pt;\"><strong><span style=\"font-size: 10pt; font-family: Verdana;\">&#8222;Brigitte&#8220;-Chefredakteur Lebert: <\/span><\/strong><span style=\"font-size: 10pt; font-family: Verdana;\">&#8222;Ich bin ein Mann, aber das ist Zufall&#8220;<\/span><span style=\"font-size: 10pt; font-family: Verdana;\"><br \/>\n&#8222;Das &#8218;Brigitte&#8216;-Team besteht zu 95 Prozent aus Frauen, da sind Teilzeit- und Halbtagsjobs Alltag. Auch auf F\u00fchrungsebene. Die Arbeit mit Frauen ist sehr angenehm. Sie kommen zum Beispiel &#8211; entgegen aller Vorurteile &#8211; schneller zum Punkt.&#8220; <a href=\"http:\/\/www.spiegel.de\/wirtschaft\/0,1518,611799,00.html\" target=\"_top\"><span style=\"color: windowtext;\">mehr&#8230;<\/span><\/a> <\/span><\/p>\n<p class=\"MsoNormal\" style=\"margin-top: 6pt;\"><strong><span style=\"font-size: 10pt; font-family: Verdana;\">SPIEGEL-Redakteur Bednarz: <\/span><\/strong><span style=\"font-size: 10pt; font-family: Verdana;\">&#8222;Gleichberechtigung ist schwerer, als ich mir vorgestellt habe&#8220;<\/span><span style=\"font-size: 10pt; font-family: Verdana;\"><br \/>\n&#8222;Meine Frau Esther und ich versuchen, Gleichberechtigung zu leben, und das ist schwerer als wir uns vorgestellt haben. Vor allem als ich mir vorgestellt habe.&#8220; <a href=\"http:\/\/www.spiegel.de\/wirtschaft\/0,1518,611730,00.html\" target=\"_top\"><span style=\"color: windowtext;\">mehr&#8230;<\/span><\/a> <\/span><\/p>\n<p class=\"MsoNormal\" style=\"margin-top: 6pt;\"><strong><span style=\"font-size: 10pt; font-family: Verdana;\">Business-School-Pr\u00e4sident Steffens: <\/span><\/strong><span style=\"font-size: 10pt; font-family: Verdana;\">&#8222;Viele Assistentinnen sind Akademikerinnen&#8220;<\/span><span style=\"font-size: 10pt; font-family: Verdana;\"><br \/>\n&#8222;Bei uns im Kollegium ist der Frauenanteil relativ gro\u00df, wir sind schlie\u00dflich ein Lehr- und Wissenschaftsbetrieb, also eine der so genannten weichen Industrien. Und nat\u00fcrlich sind viele megastarke Frauen dabei, auch in F\u00fchrungspositionen. Aber ich beobachte ein interessantes Ph\u00e4nomen.&#8220; <a href=\"http:\/\/www.spiegel.de\/wirtschaft\/0,1518,611638,00.html\" target=\"_top\"><span style=\"color: windowtext;\">mehr&#8230;<\/span><\/a> <\/span><\/p>\n<p class=\"MsoNormal\" style=\"margin-top: 6pt;\"><strong><span style=\"font-size: 10pt; font-family: Verdana;\">Familienwissenschaftler Bertram: <\/span><\/strong><span style=\"font-size: 10pt; font-family: Verdana;\">&#8222;Deutschland ist weit hinten bei der Gleichberechtigung&#8220;<\/span><span style=\"font-size: 10pt; font-family: Verdana;\"><br \/>\n&#8222;Die Bundesrepublik ist noch mehr als andere L\u00e4nder eine Industriegesellschaft. M\u00e4nnlich dominierte Branchen wie die Autoindustrie oder der Maschinenbau pr\u00e4gen die Wirtschaft &#8211; deshalb sind wir ziemlich weit hinten, wenn es um Gleichberechtigung geht.&#8220; <a href=\"http:\/\/www.spiegel.de\/wirtschaft\/0,1518,611716,00.html\" target=\"_top\"><span style=\"color: windowtext;\">mehr&#8230;<\/span><\/a> <\/span><\/p>\n<p class=\"MsoNormal\" style=\"margin-top: 6pt;\"><a href=\"http:\/\/www.spiegel.de\/wirtschaft\/0,1518,611804,00.html \" target=\"_blank\"><span style=\"font-size: 10pt; font-family: Verdana;\">Quelle<\/span><\/a><\/p>\n","protected":false},"excerpt":{"rendered":"<p>Es ist vertrackt: Frauen an die Macht!, lautet seit Jahrzehnten die Parole &#8211; die Realit\u00e4t in Job, Familie, Alltag sieht, insbesondere f\u00fcr V\u00e4ter und M\u00fctter, immer noch anders aus. SPIEGEL ONLINE fragt zum Frauentag nach. F\u00fcnf M\u00e4nner, f\u00fcnf aufschlussreiche Antworten: Paartherapeut Woinoff: &#8222;Partnersuche nach archaischen Gesichtspunkten&#8220; &#8222;Nat\u00fcrlich machen M\u00e4nner \u00f6fter Karriere, sie haben ja auch [&hellip;]<\/p>\n","protected":false},"author":1,"featured_media":0,"comment_status":"open","ping_status":"open","sticky":false,"template":"","format":"standard","meta":[],"categories":[39,33,47],"tags":[174],"_links":{"self":[{"href":"https:\/\/vaeter-und-karriere.de\/blog\/index.php\/wp-json\/wp\/v2\/posts\/1615"}],"collection":[{"href":"https:\/\/vaeter-und-karriere.de\/blog\/index.php\/wp-json\/wp\/v2\/posts"}],"about":[{"href":"https:\/\/vaeter-und-karriere.de\/blog\/index.php\/wp-json\/wp\/v2\/types\/post"}],"author":[{"embeddable":true,"href":"https:\/\/vaeter-und-karriere.de\/blog\/index.php\/wp-json\/wp\/v2\/users\/1"}],"replies":[{"embeddable":true,"href":"https:\/\/vaeter-und-karriere.de\/blog\/index.php\/wp-json\/wp\/v2\/comments?post=1615"}],"version-history":[{"count":3,"href":"https:\/\/vaeter-und-karriere.de\/blog\/index.php\/wp-json\/wp\/v2\/posts\/1615\/revisions"}],"predecessor-version":[{"id":1617,"href":"https:\/\/vaeter-und-karriere.de\/blog\/index.php\/wp-json\/wp\/v2\/posts\/1615\/revisions\/1617"}],"wp:attachment":[{"href":"https:\/\/vaeter-und-karriere.de\/blog\/index.php\/wp-json\/wp\/v2\/media?parent=1615"}],"wp:term":[{"taxonomy":"category","embeddable":true,"href":"https:\/\/vaeter-und-karriere.de\/blog\/index.php\/wp-json\/wp\/v2\/categories?post=1615"},{"taxonomy":"post_tag","embeddable":true,"href":"https:\/\/vaeter-und-karriere.de\/blog\/index.php\/wp-json\/wp\/v2\/tags?post=1615"}],"curies":[{"name":"wp","href":"https:\/\/api.w.org\/{rel}","templated":true}]}}