{"id":1550,"date":"2009-02-24T21:19:06","date_gmt":"2009-02-24T20:19:06","guid":{"rendered":"http:\/\/vaeter-und-karriere.de\/blog\/?p=1550"},"modified":"2009-02-24T21:19:06","modified_gmt":"2009-02-24T20:19:06","slug":"vater-langer-erwerbstatig-mutter-immer-kurzer","status":"publish","type":"post","link":"https:\/\/vaeter-und-karriere.de\/blog\/index.php\/2009\/02\/24\/vater-langer-erwerbstatig-mutter-immer-kurzer\/","title":{"rendered":"V\u00e4ter l\u00e4nger erwerbst\u00e4tig &#8211; M\u00fctter immer k\u00fcrzer"},"content":{"rendered":"<p><!--[if gte mso 9]><xml> <w:WordDocument> <w:View>Normal<\/w:View> <w:Zoom>0<\/w:Zoom> <w:HyphenationZone>21<\/w:HyphenationZone> <w:PunctuationKerning \/> <w:ValidateAgainstSchemas \/> <w:SaveIfXMLInvalid>false<\/w:SaveIfXMLInvalid> <w:IgnoreMixedContent>false<\/w:IgnoreMixedContent> <w:AlwaysShowPlaceholderText>false<\/w:AlwaysShowPlaceholderText> <w:Compatibility> <w:BreakWrappedTables \/> <w:SnapToGridInCell \/> <w:WrapTextWithPunct \/> <w:UseAsianBreakRules \/> <w:DontGrowAutofit \/> <\/w:Compatibility> <w:BrowserLevel>MicrosoftInternetExplorer4<\/w:BrowserLevel> <\/w:WordDocument> <\/xml><![endif]--><!--[if gte mso 9]><xml> <w:LatentStyles DefLockedState=\"false\" LatentStyleCount=\"156\"> <\/w:LatentStyles> <\/xml><![endif]--> <!--[if gte mso 10]> <mce:style><!\n\/* Style Definitions *\/\ntable.MsoNormalTable\n{mso-style-name:\"Normale Tabelle\";\nmso-tstyle-rowband-size:0;\nmso-tstyle-colband-size:0;\nmso-style-noshow:yes;\nmso-style-parent:\"\";\nmso-padding-alt:0cm 5.4pt 0cm 5.4pt;\nmso-para-margin:0cm;\nmso-para-margin-bottom:.0001pt;\nmso-pagination:widow-orphan;\nfont-size:10.0pt;\nfont-family:\"Times New Roman\";\nmso-ansi-language:#0400;\nmso-fareast-language:#0400;\nmso-bidi-language:#0400;}\n--> <!--[endif]--><\/p>\n<p class=\"MsoNormal\" style=\"margin-top: 6pt;\"><span style=\"font-size: 10pt; font-family: Verdana;\">V\u00e4ter von heute \u00fcbernehmen mehr Verantwortung f\u00fcr die Kindererziehung. Eine aktuelle Auswertung zeigt jedoch, dass sie auch l\u00e4nger arbeiten, je mehr Kinder sie haben.<\/span><\/p>\n<p class=\"MsoNormal\" style=\"margin-top: 6pt;\"><span style=\"font-size: 10pt; font-family: Verdana;\">Die Kluft zwischen den Arbeitszeiten von M\u00e4nnern und Frauen in Deutschland nimmt &#8211; aller politischen Ziele zum Trotz &#8211; weiter zu. Je mehr Kinder ein Mann hat, desto l\u00e4nger sind seine Arbeitszeiten. Je mehr Kinder eine Frau hat, desto k\u00fcrzer arbeitet sie. Das zeigt eine aktuelle Sonderauswertung des Mikrozensus und der Europ\u00e4ischen Arbeitskr\u00e4ftestichprobe, die das Institut Arbeit und Qualifikation (<a href=\"http:\/\/www.iaq.uni-due.de\" target=\"_blank\">IAQ<\/a>) der Universit\u00e4t Duisburg-Essen im Auftrag der <a href=\"http:\/\/www.boeckler.de\/ \" target=\"_blank\">Hans-B\u00f6ckler-Stiftung<\/a> erstellt hat.<\/span><\/p>\n<p class=\"MsoNormal\" style=\"margin-top: 6pt;\"><span style=\"font-size: 10pt; font-family: Verdana;\">Danach arbeiteten Frauen mit Kindern im Jahr 2006 deutlich k\u00fcrzer, als dies noch 2001 der Fall war. Keine andere Personengruppe hat einen vergleichbar starken R\u00fcckgang in den Arbeitszeiten zu verzeichnen. Deutschland geht hier im Vergleich mit anderen europ\u00e4ischen L\u00e4ndern einen Sonderweg, heben die IAQ-ArbeitszeitforscherInnen hervor. <\/span><\/p>\n<p class=\"MsoNormal\" style=\"margin-top: 6pt;\"><span style=\"font-size: 10pt; font-family: Verdana;\">Die auf Vollzeitstellen umgerechnete Besch\u00e4ftigungsquote von Frauen ist in den letzten Jahren unter den EU-Durchschnitt gesunken. Die Arbeitszeiten von Frauen (Vollzeit und Teilzeit zusammengenommen) sind die zweitk\u00fcrzesten in Europa, bei den Teilzeitbesch\u00e4ftigten sogar die k\u00fcrzesten.<\/span><\/p>\n<p class=\"MsoNormal\" style=\"margin-top: 6pt;\"><span style=\"font-size: 10pt; font-family: Verdana;\">Zwar sind immer mehr Frauen in Deutschland erwerbst\u00e4tig, auf Vollzeitstellen umgerechnet stagniert die tats\u00e4chliche Arbeitszeit jedoch seit Beginn des Jahrzehnts, weil vor allem durch den Minijob-Boom die Arbeitszeit pro Person abnimmt, stellen die ForscherInnen fest. <\/span><\/p>\n<p class=\"MsoNormal\" style=\"margin-top: 6pt;\"><span style=\"font-size: 10pt; font-family: Verdana;\">Damit nimmt die Kluft zwischen den Arbeitszeiten von M\u00e4nnern und Frauen in Deutschland weiter zu: 2001 arbeiteten M\u00e4nner 8,8 Stunden l\u00e4nger als Frauen, f\u00fcnf Jahre sp\u00e4ter waren es bereits 9,3 Stunden. Trotz aller \u00f6ffentlichen Debatten \u00fcber die Vereinbarkeit von Familie und Beruf wirke sich eine Elternschaft negativ auf die Arbeitszeiten von Frauen aus &#8211; diese Entwicklung hat sich in den letzten Jahren weiter verst\u00e4rkt.<\/span><\/p>\n<p class=\"MsoNormal\" style=\"margin-top: 6pt;\"><span style=\"font-size: 10pt; font-family: Verdana;\">Frauen, die eigentlich mehr arbeiten wollen, beschr\u00e4nken sich aus famili\u00e4ren und pers\u00f6nlichen Gr\u00fcnden auf Minijobs und Teilzeitarbeit. &#8222;Trotz gr\u00f6\u00dferer Integration in den Arbeitsmarkt gelangen viele Frauen noch nicht \u00fcber eine Rolle als Hinzuverdienerin im Haushalt hinaus und bleiben damit finanziell abh\u00e4ngig vom Ehemann. Von einer gleichberechtigten Arbeitsaufteilung zwischen den Geschlechtern ist Deutschland noch weit entfernt&#8220;, kritisieren die IAQ-ArbeitszeitforscherInnen.<\/span><\/p>\n<p class=\"MsoNormal\" style=\"margin-top: 6pt;\"><span style=\"font-size: 10pt; font-family: Verdana;\">Die vollst\u00e4ndigen Daten finden Sie im <a href=\"http:\/\/www.iaq.uni-due.de\/iaq-report\/2008\/report2008-04.shtml \" target=\"_blank\">IAQ-Report<\/a> &#8222;Immer mehr Frauen sind erwerbst\u00e4tig &#8211; aber mit k\u00fcrzeren Wochenarbeitszeiten&#8220;.<\/span><\/p>\n","protected":false},"excerpt":{"rendered":"<p>V\u00e4ter von heute \u00fcbernehmen mehr Verantwortung f\u00fcr die Kindererziehung. Eine aktuelle Auswertung zeigt jedoch, dass sie auch l\u00e4nger arbeiten, je mehr Kinder sie haben. Die Kluft zwischen den Arbeitszeiten von M\u00e4nnern und Frauen in Deutschland nimmt &#8211; aller politischen Ziele zum Trotz &#8211; weiter zu. Je mehr Kinder ein Mann hat, desto l\u00e4nger sind seine [&hellip;]<\/p>\n","protected":false},"author":1,"featured_media":0,"comment_status":"open","ping_status":"open","sticky":false,"template":"","format":"standard","meta":[],"categories":[26],"tags":[133],"_links":{"self":[{"href":"https:\/\/vaeter-und-karriere.de\/blog\/index.php\/wp-json\/wp\/v2\/posts\/1550"}],"collection":[{"href":"https:\/\/vaeter-und-karriere.de\/blog\/index.php\/wp-json\/wp\/v2\/posts"}],"about":[{"href":"https:\/\/vaeter-und-karriere.de\/blog\/index.php\/wp-json\/wp\/v2\/types\/post"}],"author":[{"embeddable":true,"href":"https:\/\/vaeter-und-karriere.de\/blog\/index.php\/wp-json\/wp\/v2\/users\/1"}],"replies":[{"embeddable":true,"href":"https:\/\/vaeter-und-karriere.de\/blog\/index.php\/wp-json\/wp\/v2\/comments?post=1550"}],"version-history":[{"count":1,"href":"https:\/\/vaeter-und-karriere.de\/blog\/index.php\/wp-json\/wp\/v2\/posts\/1550\/revisions"}],"predecessor-version":[{"id":1551,"href":"https:\/\/vaeter-und-karriere.de\/blog\/index.php\/wp-json\/wp\/v2\/posts\/1550\/revisions\/1551"}],"wp:attachment":[{"href":"https:\/\/vaeter-und-karriere.de\/blog\/index.php\/wp-json\/wp\/v2\/media?parent=1550"}],"wp:term":[{"taxonomy":"category","embeddable":true,"href":"https:\/\/vaeter-und-karriere.de\/blog\/index.php\/wp-json\/wp\/v2\/categories?post=1550"},{"taxonomy":"post_tag","embeddable":true,"href":"https:\/\/vaeter-und-karriere.de\/blog\/index.php\/wp-json\/wp\/v2\/tags?post=1550"}],"curies":[{"name":"wp","href":"https:\/\/api.w.org\/{rel}","templated":true}]}}