{"id":1525,"date":"2009-02-17T22:12:59","date_gmt":"2009-02-17T21:12:59","guid":{"rendered":"http:\/\/vaeter-und-karriere.de\/blog\/?p=1525"},"modified":"2009-02-17T22:12:59","modified_gmt":"2009-02-17T21:12:59","slug":"windeln-wechseln-im-bundestag-ein-publizistischer-testlauf","status":"publish","type":"post","link":"https:\/\/vaeter-und-karriere.de\/blog\/index.php\/2009\/02\/17\/windeln-wechseln-im-bundestag-ein-publizistischer-testlauf\/","title":{"rendered":"Windeln wechseln im Bundestag &#8211; ein publizistischer Testlauf"},"content":{"rendered":"<p><!--[if gte mso 9]><xml> <w:WordDocument> <w:View>Normal<\/w:View> <w:Zoom>0<\/w:Zoom> <w:HyphenationZone>21<\/w:HyphenationZone> <w:PunctuationKerning \/> <w:ValidateAgainstSchemas \/> <w:SaveIfXMLInvalid>false<\/w:SaveIfXMLInvalid> <w:IgnoreMixedContent>false<\/w:IgnoreMixedContent> <w:AlwaysShowPlaceholderText>false<\/w:AlwaysShowPlaceholderText> <w:Compatibility> <w:BreakWrappedTables \/> <w:SnapToGridInCell \/> <w:WrapTextWithPunct \/> <w:UseAsianBreakRules \/> <w:DontGrowAutofit \/> <\/w:Compatibility> <w:BrowserLevel>MicrosoftInternetExplorer4<\/w:BrowserLevel> <\/w:WordDocument> <\/xml><![endif]--><!--[if gte mso 9]><xml> <w:LatentStyles DefLockedState=\"false\" LatentStyleCount=\"156\"> <\/w:LatentStyles> <\/xml><![endif]--> <!--[if gte mso 10]> <mce:style><!\n\/* Style Definitions *\/\ntable.MsoNormalTable\n{mso-style-name:\"Normale Tabelle\";\nmso-tstyle-rowband-size:0;\nmso-tstyle-colband-size:0;\nmso-style-noshow:yes;\nmso-style-parent:\"\";\nmso-padding-alt:0cm 5.4pt 0cm 5.4pt;\nmso-para-margin:0cm;\nmso-para-margin-bottom:.0001pt;\nmso-pagination:widow-orphan;\nfont-size:10.0pt;\nfont-family:\"Times New Roman\";\nmso-ansi-language:#0400;\nmso-fareast-language:#0400;\nmso-bidi-language:#0400;}\n--> <!--[endif]--><\/p>\n<p class=\"MsoNormal\" style=\"margin-top: 6pt;\"><span style=\"font-size: 10pt; font-family: Verdana;\"><a href=\"http:\/\/www.fr-online.de\/_em_daten\/_hermes\/2009\/02\/13\/090213_1531_03.jpg\"><img loading=\"lazy\" class=\"alignright\" title=\"Steffen Hebestreit im Deutschen Bundestag\" src=\"http:\/\/www.fr-online.de\/_em_daten\/_hermes\/2009\/02\/13\/090213_1531_03.jpg\" alt=\"\" width=\"384\" height=\"288\" \/><\/a>Der Hauptstadtkorrespondent der <a href=\"http:\/\/www.fr-online.de\" target=\"_blank\">Frankfurter Rundschau<\/a> Steffen, Hebestreit,hat den Test gemacht, wie das nach vier Jahren gro\u00dfe Koalition zusammengeht: Kind und Karriere:<\/span><\/p>\n<p class=\"MsoNormal\" style=\"margin-top: 6pt;\"><span style=\"font-size: 10pt; font-family: Verdana;\">Die Recherche beginnt mit Reiswaffel und Birnenbrei. Wir sind zufrieden, die erste H\u00fcrde erfolgreich genommen zu haben &#8211; wir haben es mit Kinderwagen in den Bundestag geschafft. Paul verschl\u00e4ft den ersten Teil der Recherche. Selbst die Fahrst\u00fchle, die unaufh\u00f6rlich nach oben oder unten surren und mit ihrem &#8222;Bing&#8220; ab und an die Ruhe durchbrechen, st\u00f6ren ihn nicht. Auf den langen Schiffsstegen, die hier als G\u00e4nge dienen, ist kaum ein Mensch zu sehen.<\/span><\/p>\n<p class=\"MsoNormal\" style=\"margin-top: 6pt;\"><span style=\"font-size: 10pt; font-family: Verdana;\">So kann der Praxistest nat\u00fcrlich nicht funktionieren. Ich lasse mir den Auftrag der Frankfurter Zentrale noch mal durch den Kopf gehen. &#8222;Du gehst einfach mit deinem Sohn zur Pressekonferenz eines Ministers und beschreibst, wie der politische Betrieb darauf reagiert&#8220;, hatte mir der &#8211; \u00fcbrigens noch kinderlose &#8211; Kollege vorgeschlagen. <\/span><\/p>\n<p class=\"MsoNormal\" style=\"margin-top: 6pt;\"><span style=\"font-size: 10pt; font-family: Verdana;\">Die Balance zwischen Kindern und Karriere zu finden, ist nicht von ungef\u00e4hr so schwierig. Schon im Alltag k\u00f6nnen sich jeden Tag gen\u00fcgend Hindernisse auft\u00fcrmen, wenn sich fr\u00fche Konferenztermine nicht mit Kita-\u00d6ffnungszeiten vertragen, wenn Maser oder Windpocken die Redaktionsplanung durcheinanderbringen. Berufst\u00e4tige Eltern m\u00fcssen st\u00e4ndig flexibel reagieren. Wenn sie dabei nicht h\u00f6llisch aufpassen, haben sie zwar immer noch einen Beruf, aber keine Karriere mehr. Familienpolitik ist nicht allein Sache der Regierung, sondern auch der Unternehmen.<\/span><\/p>\n<p class=\"MsoNormal\" style=\"margin-top: 6pt;\"><span style=\"font-size: 10pt; font-family: Verdana;\">Vatersein im Jahre 2009 ist eine befriedigende Angelegenheit. In Zeiten von Elterngeld, Wickelvolontariat und Ursula von der Leyen liegen selbst V\u00e4ter, die sich auch nur ein bisschen um ihren Nachwuchs k\u00fcmmern, ziemlich im Trend. Sie werden bewundert, man applaudiert ihnen f\u00fcr eine T\u00e4tigkeit, die seit Jahrtausenden &#8211; weitgehend unbeachtet &#8211; von M\u00fcttern ausge\u00fcbt wird.<\/span><\/p>\n<p class=\"MsoNormal\" style=\"margin-top: 6pt;\"><span style=\"font-size: 10pt; font-family: Verdana;\">Ich schiebe Paul weiter, durch die Katakomben zum Reichstag. Wir sto\u00dfen auf Polit-Prominenz: &#8222;Na, was f\u00fcr ein sch\u00f6nes Bild&#8220;, entf\u00e4hrt es Andrea Nahles, der stellvertretenden SPD-Parteivorsitzenden. &#8222;Aha, unser Nachwuchs&#8220;, kommt mir der altgediente SPD-Parlamentarier Joachim St\u00fcnker entgegen. &#8222;Na, auf Familienausflug?&#8220;, fragt der stellvertretende Regierungssprecher Thomas Steg. Die neue Vaterrolle mag zurzeit auch deshalb so stark ins \u00f6ffentliche Bewusstsein dr\u00e4ngen, weil sich beinahe jeder der sogenannten &#8222;neuen V\u00e4ter&#8220; berufen f\u00fchlt, seine Erlebnisse mit S\u00e4ugling in Buchform zu publizieren. Oder in Texten wie diesen.<\/span><\/p>\n<p class=\"MsoNormal\" style=\"margin-top: 6pt;\"><span style=\"font-size: 10pt; font-family: Verdana;\">Die Reaktionen der Kollegen auf Paul? &#8222;Oh, wie s\u00fc\u00fc\u00fc\u00df!&#8220;, &#8222;Ach, ist das deiner?&#8220;, &#8222;Na, willste ihm mal zeigen, wo du arbeitest?&#8220; Die Kollegen sind freundlich, interessiert und glauben nicht im Entferntesten daran, ich k\u00f6nnte hier tats\u00e4chlich aus beruflichen Gr\u00fcnden sein. Ich wolle doch nur ein bisschen angeben mit Paul. Man kennt das ja &#8211; von den neuen V\u00e4tern. Von M\u00fcttern kennt man das nicht. Ich frage mich, welche Erfahrung wohl eine Kollegin an meiner Stelle gemacht h\u00e4tte? <\/span><\/p>\n<p class=\"MsoNormal\" style=\"margin-top: 6pt;\"><a href=\"http:\/\/www.fr-online.de\/top_news\/?em_cnt=1675308&amp;em_loc=2091 \" target=\"_blank\"><span style=\"font-size: 10pt; font-family: Verdana;\">weiterlesen<\/span><\/a><\/p>\n","protected":false},"excerpt":{"rendered":"<p>Der Hauptstadtkorrespondent der Frankfurter Rundschau Steffen, Hebestreit,hat den Test gemacht, wie das nach vier Jahren gro\u00dfe Koalition zusammengeht: Kind und Karriere: Die Recherche beginnt mit Reiswaffel und Birnenbrei. Wir sind zufrieden, die erste H\u00fcrde erfolgreich genommen zu haben &#8211; wir haben es mit Kinderwagen in den Bundestag geschafft. Paul verschl\u00e4ft den ersten Teil der Recherche. [&hellip;]<\/p>\n","protected":false},"author":1,"featured_media":0,"comment_status":"open","ping_status":"open","sticky":false,"template":"","format":"standard","meta":[],"categories":[43,6],"tags":[60],"_links":{"self":[{"href":"https:\/\/vaeter-und-karriere.de\/blog\/index.php\/wp-json\/wp\/v2\/posts\/1525"}],"collection":[{"href":"https:\/\/vaeter-und-karriere.de\/blog\/index.php\/wp-json\/wp\/v2\/posts"}],"about":[{"href":"https:\/\/vaeter-und-karriere.de\/blog\/index.php\/wp-json\/wp\/v2\/types\/post"}],"author":[{"embeddable":true,"href":"https:\/\/vaeter-und-karriere.de\/blog\/index.php\/wp-json\/wp\/v2\/users\/1"}],"replies":[{"embeddable":true,"href":"https:\/\/vaeter-und-karriere.de\/blog\/index.php\/wp-json\/wp\/v2\/comments?post=1525"}],"version-history":[{"count":1,"href":"https:\/\/vaeter-und-karriere.de\/blog\/index.php\/wp-json\/wp\/v2\/posts\/1525\/revisions"}],"predecessor-version":[{"id":1526,"href":"https:\/\/vaeter-und-karriere.de\/blog\/index.php\/wp-json\/wp\/v2\/posts\/1525\/revisions\/1526"}],"wp:attachment":[{"href":"https:\/\/vaeter-und-karriere.de\/blog\/index.php\/wp-json\/wp\/v2\/media?parent=1525"}],"wp:term":[{"taxonomy":"category","embeddable":true,"href":"https:\/\/vaeter-und-karriere.de\/blog\/index.php\/wp-json\/wp\/v2\/categories?post=1525"},{"taxonomy":"post_tag","embeddable":true,"href":"https:\/\/vaeter-und-karriere.de\/blog\/index.php\/wp-json\/wp\/v2\/tags?post=1525"}],"curies":[{"name":"wp","href":"https:\/\/api.w.org\/{rel}","templated":true}]}}