{"id":1514,"date":"2009-02-15T22:04:56","date_gmt":"2009-02-15T21:04:56","guid":{"rendered":"http:\/\/vaeter-und-karriere.de\/blog\/?p=1514"},"modified":"2009-02-17T21:42:11","modified_gmt":"2009-02-17T20:42:11","slug":"deutschland-wird-junger","status":"publish","type":"post","link":"https:\/\/vaeter-und-karriere.de\/blog\/index.php\/2009\/02\/15\/deutschland-wird-junger\/","title":{"rendered":"Deutschland wird j\u00fcnger"},"content":{"rendered":"<p><!--[if gte mso 9]><xml> <w:WordDocument> <w:View>Normal<\/w:View> <w:Zoom>0<\/w:Zoom> <w:HyphenationZone>21<\/w:HyphenationZone> <w:PunctuationKerning \/> <w:ValidateAgainstSchemas \/> <w:SaveIfXMLInvalid>false<\/w:SaveIfXMLInvalid> <w:IgnoreMixedContent>false<\/w:IgnoreMixedContent> <w:AlwaysShowPlaceholderText>false<\/w:AlwaysShowPlaceholderText> <w:Compatibility> <w:BreakWrappedTables \/> <w:SnapToGridInCell \/> <w:WrapTextWithPunct \/> <w:UseAsianBreakRules \/> <w:DontGrowAutofit \/> <\/w:Compatibility> <w:BrowserLevel>MicrosoftInternetExplorer4<\/w:BrowserLevel> <\/w:WordDocument> <\/xml><![endif]--><!--[if gte mso 9]><xml> <w:LatentStyles DefLockedState=\"false\" LatentStyleCount=\"156\"> <\/w:LatentStyles> <\/xml><![endif]--> <!--[if gte mso 10]> <mce:style><!\n\/* Style Definitions *\/\ntable.MsoNormalTable\n{mso-style-name:\"Normale Tabelle\";\nmso-tstyle-rowband-size:0;\nmso-tstyle-colband-size:0;\nmso-style-noshow:yes;\nmso-style-parent:\"\";\nmso-padding-alt:0cm 5.4pt 0cm 5.4pt;\nmso-para-margin:0cm;\nmso-para-margin-bottom:.0001pt;\nmso-pagination:widow-orphan;\nfont-size:10.0pt;\nfont-family:\"Times New Roman\";\nmso-ansi-language:#0400;\nmso-fareast-language:#0400;\nmso-bidi-language:#0400;}\n--> <!--[endif]--><\/p>\n<p class=\"MsoNormal\" style=\"margin-top: 6pt;\"><span style=\"font-size: 10pt; font-family: Verdana;\">Die Zahl der Geburten in Deutschland steigt. Der positive Trend aus 2007 hielt auch im vergangenen Jahr an, wie Bundesfamilienministerin Ursula von der Leyen der <a href=\"http:\/\/www.bild.de\/BILD\/politik\/2009\/02\/15\/bundesfamilienministerin-ursula-von-der-leyen\/interview-ueber-familie-aelterwerden-schoenheitsoperationen.html \" target=\"_blank\">\u201aBild am Sonntag\u2019<\/a> sagte. <\/span><\/p>\n<p class=\"MsoNormal\" style=\"margin-top: 6pt;\"><span style=\"font-size: 10pt; font-family: Verdana;\">Bis September kamen demnach 514.549 Kinder zur Welt, 3.400 mehr als 2007. Morgen will von der Leyen in Berlin den Familienreport 2009 vorstellen. Das Statistische Bundesamt sch\u00e4tzt darin die Gesamtzahl der Geburten 2008 auf bis zu 690.000, im Jahr 2007 waren es 684.862 Geburten.<\/span><\/p>\n<p class=\"MsoNormal\" style=\"margin-top: 6pt;\"><span style=\"font-size: 10pt; font-family: Verdana;\">\u201aBesonders bei Frauen zwischen 30 und 40 Jahren hat die Zahl der Kinder zugenommen. Also in Partnerschaften, in denen genau \u00fcberlegt wird, ob sie ein Leben mit Beruf und Familie meistern k\u00f6nnen\u2019, sagte die CDU-Politikerin. \u201aAu\u00dferdem \u00e4ndert sich die Vaterrolle. Die M\u00e4nner wollen heute mehr Zeit mit der Familie verbringen\u2019, sagte die Ministerin. <\/span><\/p>\n<p class=\"MsoNormal\" style=\"margin-top: 6pt;\"><span style=\"font-size: 10pt; font-family: Verdana;\">Laut einer Umfrage zur Familienpolitik w\u00e4chst der Wert der Familie: 90 % der Deutschen halten sie f\u00fcr wichtig. 56 % der nicht berufst\u00e4tigen M\u00fctter m\u00f6chten gern arbeiten. Und die H\u00e4lfte der Deutschen ist der Meinung, die Familienpolitik der Bundesregierung habe die Situation der Familien verbessert, schreibt \u00abBild am Sonntag\u00bb. Nur 5 % s\u00e4hen eine Verschlechterung. 34 % der Befragten halte die Situation f\u00fcr unver\u00e4ndert.<\/span><\/p>\n<p class=\"MsoNormal\" style=\"margin-top: 6pt;\"><span style=\"font-size: 10pt; font-family: Verdana;\">Bereits im Jahr 2007 waren 12.000 Kinder mehr geboren worden als 2006. Damit war die Anzahl der Geburten erstmals seit dem Jahr 2000 wieder angestiegen. <\/span><\/p>\n<p class=\"MsoNormal\" style=\"margin-top: 6pt;\"><a href=\"http:\/\/www.netzeitung.de\/politik\/deutschland\/1276177.html \" target=\"_blank\"><span style=\"font-size: 10pt; font-family: Verdana;\">Quelle<\/span><\/a><\/p>\n","protected":false},"excerpt":{"rendered":"<p>Die Zahl der Geburten in Deutschland steigt. Der positive Trend aus 2007 hielt auch im vergangenen Jahr an, wie Bundesfamilienministerin Ursula von der Leyen der \u201aBild am Sonntag\u2019 sagte. Bis September kamen demnach 514.549 Kinder zur Welt, 3.400 mehr als 2007. Morgen will von der Leyen in Berlin den Familienreport 2009 vorstellen. Das Statistische Bundesamt [&hellip;]<\/p>\n","protected":false},"author":1,"featured_media":0,"comment_status":"open","ping_status":"open","sticky":false,"template":"","format":"standard","meta":[],"categories":[15],"tags":[58],"_links":{"self":[{"href":"https:\/\/vaeter-und-karriere.de\/blog\/index.php\/wp-json\/wp\/v2\/posts\/1514"}],"collection":[{"href":"https:\/\/vaeter-und-karriere.de\/blog\/index.php\/wp-json\/wp\/v2\/posts"}],"about":[{"href":"https:\/\/vaeter-und-karriere.de\/blog\/index.php\/wp-json\/wp\/v2\/types\/post"}],"author":[{"embeddable":true,"href":"https:\/\/vaeter-und-karriere.de\/blog\/index.php\/wp-json\/wp\/v2\/users\/1"}],"replies":[{"embeddable":true,"href":"https:\/\/vaeter-und-karriere.de\/blog\/index.php\/wp-json\/wp\/v2\/comments?post=1514"}],"version-history":[{"count":3,"href":"https:\/\/vaeter-und-karriere.de\/blog\/index.php\/wp-json\/wp\/v2\/posts\/1514\/revisions"}],"predecessor-version":[{"id":1524,"href":"https:\/\/vaeter-und-karriere.de\/blog\/index.php\/wp-json\/wp\/v2\/posts\/1514\/revisions\/1524"}],"wp:attachment":[{"href":"https:\/\/vaeter-und-karriere.de\/blog\/index.php\/wp-json\/wp\/v2\/media?parent=1514"}],"wp:term":[{"taxonomy":"category","embeddable":true,"href":"https:\/\/vaeter-und-karriere.de\/blog\/index.php\/wp-json\/wp\/v2\/categories?post=1514"},{"taxonomy":"post_tag","embeddable":true,"href":"https:\/\/vaeter-und-karriere.de\/blog\/index.php\/wp-json\/wp\/v2\/tags?post=1514"}],"curies":[{"name":"wp","href":"https:\/\/api.w.org\/{rel}","templated":true}]}}