{"id":1456,"date":"2009-01-27T13:35:21","date_gmt":"2009-01-27T12:35:21","guid":{"rendered":"http:\/\/vaeter-und-karriere.de\/blog\/?p=1456"},"modified":"2009-01-27T13:35:21","modified_gmt":"2009-01-27T12:35:21","slug":"papa-bleibt-ofter-beim-kranken-kind","status":"publish","type":"post","link":"https:\/\/vaeter-und-karriere.de\/blog\/index.php\/2009\/01\/27\/papa-bleibt-ofter-beim-kranken-kind\/","title":{"rendered":"Papa bleibt \u00f6fter beim kranken Kind"},"content":{"rendered":"<p class=\"MsoNormal\" style=\"margin-top: 6pt;\"><!--[if gte mso 9]><xml> <w:WordDocument> <w:View>Normal<\/w:View> <w:Zoom>0<\/w:Zoom> <w:HyphenationZone>21<\/w:HyphenationZone> <w:PunctuationKerning \/> <w:ValidateAgainstSchemas \/> <w:SaveIfXMLInvalid>false<\/w:SaveIfXMLInvalid> <w:IgnoreMixedContent>false<\/w:IgnoreMixedContent> <w:AlwaysShowPlaceholderText>false<\/w:AlwaysShowPlaceholderText> <w:Compatibility> <w:BreakWrappedTables \/> <w:SnapToGridInCell \/> <w:WrapTextWithPunct \/> <w:UseAsianBreakRules \/> <w:DontGrowAutofit \/> <\/w:Compatibility> <w:BrowserLevel>MicrosoftInternetExplorer4<\/w:BrowserLevel> <\/w:WordDocument> <\/xml><![endif]--><!--[if gte mso 9]><xml> <w:LatentStyles DefLockedState=\"false\" LatentStyleCount=\"156\"> <\/w:LatentStyles> <\/xml><![endif]--> <span style=\"font-size: 10pt; font-family: Verdana;\">Wenn die Kinder krank sind, bleiben inzwischen auch in Baden-W\u00fcrttemberg \u00f6fter die V\u00e4ter zuhause. Nach einer Statistik der <a href=\"http:\/\/www.dak.de\/\" target=\"_blank\">DAK<\/a> Baden-W\u00fcrttemberg stieg der Anteil der M\u00e4nner, die f\u00fcr ihre kranken Kinder einen &#8222;blauen Schein&#8220; eingereicht haben, in der Summe zwischen 2005 und 2007 um fast 20 %. Insgesamt lag der M\u00e4nneranteil vor vier Jahren noch bei 5,4 %, zwei Jahre sp\u00e4ter schon bei 6,4 %, teilte die Kasse am Dienstag in Stuttgart mit. Im Jahr 2007 wurden bei der DAK 6735 Antr\u00e4ge auf Kinderkrankengeld eingereicht, davon stammten 432 stammten von V\u00e4tern. Allerdings hinkt Baden-W\u00fcrttemberg im Bundesvergleich noch hinterher.<\/span><\/p>\n<p class=\"MsoNormal\" style=\"margin-top: 6pt;\"><span style=\"font-size: 10pt; font-family: Verdana;\">Grund f\u00fcr den Trend k\u00f6nnte nach Ansicht der DAK die wachsende Zahl berufst\u00e4tiger M\u00fctter sein. &#8222;Wenn man dies als Indiz f\u00fcr fortschreitende Gleichberechtigung sehen m\u00f6chte, dann sind wir in Baden-W\u00fcrttemberg zwar auf einem guten Weg, haben aber noch etwas Nachholbedarf im Vergleich zu anderen L\u00e4ndern&#8220;, sagte DAK-Landeschef Markus Saur. <\/span><\/p>\n<p class=\"MsoNormal\" style=\"margin-top: 6pt;\"><span style=\"font-size: 10pt; font-family: Verdana;\">Denn trotz der Steigerung wird die Betreuung kranker Kinder in kaum einem anderen Bundesland derart h\u00e4ufig den M\u00fcttern \u00fcberlassen. Nur in Rheinland-Pfalz ist der Unterschied zwischen Frauen und M\u00e4nnern noch deutlicher. In Brandenburg sind dagegen fast zw\u00f6lf Prozent derjenigen, die f\u00fcr kranke Kinder von der Arbeit fern bleiben, M\u00e4nner.<\/span><\/p>\n<p class=\"MsoNormal\" style=\"margin-top: 6pt;\"><span style=\"font-size: 10pt; font-family: Verdana;\">Generell zahlen die gesetzlichen Krankenkassen f\u00fcr zehn Arbeitstage pro Kalenderjahr und Kind das Kinderpflege-Krankengeld. Bei Alleinerziehenden gilt dies f\u00fcr 20 Arbeitstage. Anrecht auf die Zahlung haben nur gesetzlich versicherte Eltern mit Kindern bis zu zw\u00f6lf Jahren.<\/span><\/p>\n<p class=\"MsoNormal\" style=\"margin-top: 6pt;\"><span style=\"font-size: 10pt; font-family: Verdana;\"><a href=\"http:\/\/www.stuttgarter-nachrichten.de\/stn\/page\/detail.php\/1931146 \" target=\"_blank\">Quelle<\/a><\/span><\/p>\n","protected":false},"excerpt":{"rendered":"<p>Wenn die Kinder krank sind, bleiben inzwischen auch in Baden-W\u00fcrttemberg \u00f6fter die V\u00e4ter zuhause. Nach einer Statistik der DAK Baden-W\u00fcrttemberg stieg der Anteil der M\u00e4nner, die f\u00fcr ihre kranken Kinder einen &#8222;blauen Schein&#8220; eingereicht haben, in der Summe zwischen 2005 und 2007 um fast 20 %. Insgesamt lag der M\u00e4nneranteil vor vier Jahren noch bei [&hellip;]<\/p>\n","protected":false},"author":1,"featured_media":0,"comment_status":"open","ping_status":"open","sticky":false,"template":"","format":"standard","meta":[],"categories":[43,28],"tags":[61],"_links":{"self":[{"href":"https:\/\/vaeter-und-karriere.de\/blog\/index.php\/wp-json\/wp\/v2\/posts\/1456"}],"collection":[{"href":"https:\/\/vaeter-und-karriere.de\/blog\/index.php\/wp-json\/wp\/v2\/posts"}],"about":[{"href":"https:\/\/vaeter-und-karriere.de\/blog\/index.php\/wp-json\/wp\/v2\/types\/post"}],"author":[{"embeddable":true,"href":"https:\/\/vaeter-und-karriere.de\/blog\/index.php\/wp-json\/wp\/v2\/users\/1"}],"replies":[{"embeddable":true,"href":"https:\/\/vaeter-und-karriere.de\/blog\/index.php\/wp-json\/wp\/v2\/comments?post=1456"}],"version-history":[{"count":1,"href":"https:\/\/vaeter-und-karriere.de\/blog\/index.php\/wp-json\/wp\/v2\/posts\/1456\/revisions"}],"predecessor-version":[{"id":1457,"href":"https:\/\/vaeter-und-karriere.de\/blog\/index.php\/wp-json\/wp\/v2\/posts\/1456\/revisions\/1457"}],"wp:attachment":[{"href":"https:\/\/vaeter-und-karriere.de\/blog\/index.php\/wp-json\/wp\/v2\/media?parent=1456"}],"wp:term":[{"taxonomy":"category","embeddable":true,"href":"https:\/\/vaeter-und-karriere.de\/blog\/index.php\/wp-json\/wp\/v2\/categories?post=1456"},{"taxonomy":"post_tag","embeddable":true,"href":"https:\/\/vaeter-und-karriere.de\/blog\/index.php\/wp-json\/wp\/v2\/tags?post=1456"}],"curies":[{"name":"wp","href":"https:\/\/api.w.org\/{rel}","templated":true}]}}