{"id":1253,"date":"2008-12-29T13:39:01","date_gmt":"2008-12-29T12:39:01","guid":{"rendered":"http:\/\/vaeter-und-karriere.de\/blog\/?p=1253"},"modified":"2008-12-29T13:39:01","modified_gmt":"2008-12-29T12:39:01","slug":"einkommen-von-tagesvatern-werden-zukunftig-versteuert","status":"publish","type":"post","link":"https:\/\/vaeter-und-karriere.de\/blog\/index.php\/2008\/12\/29\/einkommen-von-tagesvatern-werden-zukunftig-versteuert\/","title":{"rendered":"Einkommen von Tagesv\u00e4tern werden zuk\u00fcnftig versteuert"},"content":{"rendered":"<p class=\"MsoNormal\" style=\"margin-top: 6pt;\"><!--[if gte mso 9]><xml> <w:WordDocument> <w:View>Normal<\/w:View> <w:Zoom>0<\/w:Zoom> <w:HyphenationZone>21<\/w:HyphenationZone> <w:PunctuationKerning \/> <w:ValidateAgainstSchemas \/> <w:SaveIfXMLInvalid>false<\/w:SaveIfXMLInvalid> <w:IgnoreMixedContent>false<\/w:IgnoreMixedContent> <w:AlwaysShowPlaceholderText>false<\/w:AlwaysShowPlaceholderText> <w:Compatibility> <w:BreakWrappedTables \/> <w:SnapToGridInCell \/> <w:WrapTextWithPunct \/> <w:UseAsianBreakRules \/> <w:DontGrowAutofit \/> <\/w:Compatibility> <w:BrowserLevel>MicrosoftInternetExplorer4<\/w:BrowserLevel> <\/w:WordDocument> <\/xml><![endif]--><!--[if gte mso 9]><xml> <w:LatentStyles DefLockedState=\"false\" LatentStyleCount=\"156\"> <\/w:LatentStyles> <\/xml><![endif]--> <span style=\"font-size: 10pt; font-family: Verdana;\">Ab dem 1. Januar unterscheiden die Finanz\u00e4mter nicht mehr, ob Tagesv\u00e4ter oder -m\u00fctter ihr Gehalt aus \u00f6ffentlichen Kassen oder von den Eltern direkt erhalten. Die Verg\u00fctungen sind steuerpflichtig &#8211; unabh\u00e4ngig von der Anzahl der betreuten Kinder. <\/span><\/p>\n<p class=\"MsoNormal\" style=\"margin-top: 6pt;\"><span style=\"font-size: 10pt; font-family: Verdana;\">Tagesv\u00e4ter haben jedoch die M\u00f6glichkeit, ihre Ausgaben in der Steuerkl\u00e4rung einzeln zu verrechnen. Alternativ k\u00f6nnen sie auch eine so genannte Betriebsausgabenpauschale geltend machen. Anstatt der tats\u00e4chlichen Ausgaben k\u00f6nnen Tagesv\u00e4ter pro Kind und Monat pauschal 300 Euro absetzen. Auch m\u00fcssen Tagesv\u00e4ter keine Beitr\u00e4ge zur gesetzlichen Rentenversicherung zahlen, wenn das zu versteuernde Einkommen unter 400 Euro im Monat liegt. <\/span><\/p>\n<p class=\"MsoNormal\" style=\"margin-top: 6pt;\"><span style=\"font-size: 10pt; font-family: Verdana;\">Bis zum Jahr 2010 gibt bei der Kranken- und Pflegeversicherung eine Sonderregelung: Betreut der Tagesvater nicht mehr als f\u00fcnf Kinder, kann er sich beitragsfrei bei der Ehepartnerin mitversichern oder aber eine freiwillige Versicherung in der gesetzlichen Krankenversicherung abschlie\u00dfen. Der Beitrag betr\u00e4gt im Monat dann lediglich 130 Euro und nicht rund 290 Euro wie bei hauptberuflich Selbstst\u00e4ndigen.<\/span><\/p>\n<p class=\"MsoNormal\" style=\"margin-top: 6pt;\"><span style=\"font-size: 10pt; font-family: Verdana;\">Besorgte Kommunalpolitiker, wie <span><a href=\"http:\/\/www.rp-online.de\/public\/article\/ratingen\/654866\/Wiglow-SPD-Einbussen-fuer-Tagesmuetter.html \" target=\"_blank\">Christian Wiglow<\/a> aus Ratingen, f\u00fcrchten, das etliche Betreuungspl\u00e4tze wegfallen, da sich der ohnehin niedrige Verdienst weiter reduziere und fordert, dass die gezahlten Verg\u00fctungen, wie z.B. in M\u00fcnchen bereits angek\u00fcndigt, deutlich erh\u00f6ht werden.<\/span><\/span><\/p>\n<p class=\"MsoNormal\" style=\"margin-top: 6pt;\"><span style=\"font-size: 10pt; font-family: Verdana;\">Das ist auch der richtige Schritt, um zuk\u00fcnftig mehr M\u00e4nner f\u00fcr diese Aufgabe zu gewinnen, auch als Erzieher in Kindertageseinrichtungen.<\/span><\/p>\n<p class=\"MsoNormal\" style=\"margin-top: 6pt;\"><a href=\"http:\/\/www.welt.de\/welt_print\/article2943766\/2009-startet-mit-zahlreichen-Aenderungen.html \" target=\"_blank\"><span style=\"font-size: 10pt; font-family: Verdana;\">Quelle<\/span><\/a><\/p>\n","protected":false},"excerpt":{"rendered":"<p>Ab dem 1. Januar unterscheiden die Finanz\u00e4mter nicht mehr, ob Tagesv\u00e4ter oder -m\u00fctter ihr Gehalt aus \u00f6ffentlichen Kassen oder von den Eltern direkt erhalten. Die Verg\u00fctungen sind steuerpflichtig &#8211; unabh\u00e4ngig von der Anzahl der betreuten Kinder. Tagesv\u00e4ter haben jedoch die M\u00f6glichkeit, ihre Ausgaben in der Steuerkl\u00e4rung einzeln zu verrechnen. Alternativ k\u00f6nnen sie auch eine so [&hellip;]<\/p>\n","protected":false},"author":1,"featured_media":0,"comment_status":"open","ping_status":"open","sticky":false,"template":"","format":"standard","meta":[],"categories":[40],"tags":[160],"_links":{"self":[{"href":"https:\/\/vaeter-und-karriere.de\/blog\/index.php\/wp-json\/wp\/v2\/posts\/1253"}],"collection":[{"href":"https:\/\/vaeter-und-karriere.de\/blog\/index.php\/wp-json\/wp\/v2\/posts"}],"about":[{"href":"https:\/\/vaeter-und-karriere.de\/blog\/index.php\/wp-json\/wp\/v2\/types\/post"}],"author":[{"embeddable":true,"href":"https:\/\/vaeter-und-karriere.de\/blog\/index.php\/wp-json\/wp\/v2\/users\/1"}],"replies":[{"embeddable":true,"href":"https:\/\/vaeter-und-karriere.de\/blog\/index.php\/wp-json\/wp\/v2\/comments?post=1253"}],"version-history":[{"count":1,"href":"https:\/\/vaeter-und-karriere.de\/blog\/index.php\/wp-json\/wp\/v2\/posts\/1253\/revisions"}],"predecessor-version":[{"id":1254,"href":"https:\/\/vaeter-und-karriere.de\/blog\/index.php\/wp-json\/wp\/v2\/posts\/1253\/revisions\/1254"}],"wp:attachment":[{"href":"https:\/\/vaeter-und-karriere.de\/blog\/index.php\/wp-json\/wp\/v2\/media?parent=1253"}],"wp:term":[{"taxonomy":"category","embeddable":true,"href":"https:\/\/vaeter-und-karriere.de\/blog\/index.php\/wp-json\/wp\/v2\/categories?post=1253"},{"taxonomy":"post_tag","embeddable":true,"href":"https:\/\/vaeter-und-karriere.de\/blog\/index.php\/wp-json\/wp\/v2\/tags?post=1253"}],"curies":[{"name":"wp","href":"https:\/\/api.w.org\/{rel}","templated":true}]}}