{"id":1250,"date":"2008-12-27T17:28:12","date_gmt":"2008-12-27T16:28:12","guid":{"rendered":"http:\/\/vaeter-und-karriere.de\/blog\/?p=1250"},"modified":"2008-12-28T21:21:58","modified_gmt":"2008-12-28T20:21:58","slug":"alles-fur-meinen-vater","status":"publish","type":"post","link":"https:\/\/vaeter-und-karriere.de\/blog\/index.php\/2008\/12\/27\/alles-fur-meinen-vater\/","title":{"rendered":"Alles f\u00fcr meinen Vater"},"content":{"rendered":"<p class=\"MsoNormal\" style=\"margin-top: 6pt;\"><a href=\"http:\/\/www.moviegod.de\/images\/galleries\/images\/00009\/847\/847_17395_l.jpg\"><img loading=\"lazy\" class=\"alignleft\" src=\"http:\/\/www.moviegod.de\/images\/galleries\/images\/00009\/847\/847_17395_l.jpg\" alt=\"\" width=\"480\" height=\"320\" \/><\/a><!--[if gte mso 9]><xml> <w:WordDocument> <w:View>Normal<\/w:View> <w:Zoom>0<\/w:Zoom> <w:HyphenationZone>21<\/w:HyphenationZone> <w:PunctuationKerning \/> <w:ValidateAgainstSchemas \/> <w:SaveIfXMLInvalid>false<\/w:SaveIfXMLInvalid> <w:IgnoreMixedContent>false<\/w:IgnoreMixedContent> <w:AlwaysShowPlaceholderText>false<\/w:AlwaysShowPlaceholderText> <w:Compatibility> <w:BreakWrappedTables \/> <w:SnapToGridInCell \/> <w:WrapTextWithPunct \/> <w:UseAsianBreakRules \/> <w:DontGrowAutofit \/> <\/w:Compatibility> <w:BrowserLevel>MicrosoftInternetExplorer4<\/w:BrowserLevel> <\/w:WordDocument> <\/xml><![endif]--><!--[if gte mso 9]><xml> <w:LatentStyles DefLockedState=\"false\" LatentStyleCount=\"156\"> <\/w:LatentStyles> <\/xml><![endif]--> <span style=\"font-size: 10pt; font-family: Verdana;\">Die Ereignisse in Israel und im Gaza Streifen \u00fcberschlagen sich und laufen auf eine neue traurige Eskalation mit vielen unschuldigen Opfern zu. Der Start des deutsch\/ israelischen Films &#8218;Alles f\u00fcr meinen Vater&#8216;, der die menschliche Ebene dieses Konflikts beleuchtet, startet (leider erst) am 22. Januar.<\/span><\/p>\n<p class=\"MsoNormal\" style=\"margin-top: 6pt;\"><span style=\"font-size: 10pt; font-family: Verdana;\">Der junge Pal\u00e4stinenser Tarek sieht keinen anderen Ausweg, als mit einem Selbstmordattentat mitten auf dem Markt von Tel Aviv die Ehre seines Vaters zu retten. Doch die Selbstz\u00fcndung misslingt. So gewinnt er zwei Tage Lebenszeit, in denen er die j\u00fcdische Kultur und die unterschiedlichsten Menschen kennen lernt. Er rettet die suizidgef\u00e4hrdete Frau des st\u00f6rrischen Elektroh\u00e4ndlers Katz und verliebt sich in die wundersch\u00f6ne wie w\u00fctende J\u00fcdin Keren. Obwohl Tarek und Keren mit ihren eigenen Geschichten besch\u00e4ftigt sind, bahnt sich die Liebe ihren Weg. In Tel Aviv beginnen zwei Tage voller Hoffnung und der Ahnung eines Neubeginns &#8230;<\/span><\/p>\n<p><a href=\"http:\/\/www.moviegod.de\/kino\/film\/2955\/alles-fuer-meinen-vater\" target=\"_blank\">Quelle<\/a><\/p>\n","protected":false},"excerpt":{"rendered":"<p>Die Ereignisse in Israel und im Gaza Streifen \u00fcberschlagen sich und laufen auf eine neue traurige Eskalation mit vielen unschuldigen Opfern zu. Der Start des deutsch\/ israelischen Films &#8218;Alles f\u00fcr meinen Vater&#8216;, der die menschliche Ebene dieses Konflikts beleuchtet, startet (leider erst) am 22. Januar. Der junge Pal\u00e4stinenser Tarek sieht keinen anderen Ausweg, als mit [&hellip;]<\/p>\n","protected":false},"author":1,"featured_media":0,"comment_status":"open","ping_status":"open","sticky":false,"template":"","format":"standard","meta":[],"categories":[6],"tags":[159],"_links":{"self":[{"href":"https:\/\/vaeter-und-karriere.de\/blog\/index.php\/wp-json\/wp\/v2\/posts\/1250"}],"collection":[{"href":"https:\/\/vaeter-und-karriere.de\/blog\/index.php\/wp-json\/wp\/v2\/posts"}],"about":[{"href":"https:\/\/vaeter-und-karriere.de\/blog\/index.php\/wp-json\/wp\/v2\/types\/post"}],"author":[{"embeddable":true,"href":"https:\/\/vaeter-und-karriere.de\/blog\/index.php\/wp-json\/wp\/v2\/users\/1"}],"replies":[{"embeddable":true,"href":"https:\/\/vaeter-und-karriere.de\/blog\/index.php\/wp-json\/wp\/v2\/comments?post=1250"}],"version-history":[{"count":2,"href":"https:\/\/vaeter-und-karriere.de\/blog\/index.php\/wp-json\/wp\/v2\/posts\/1250\/revisions"}],"predecessor-version":[{"id":1252,"href":"https:\/\/vaeter-und-karriere.de\/blog\/index.php\/wp-json\/wp\/v2\/posts\/1250\/revisions\/1252"}],"wp:attachment":[{"href":"https:\/\/vaeter-und-karriere.de\/blog\/index.php\/wp-json\/wp\/v2\/media?parent=1250"}],"wp:term":[{"taxonomy":"category","embeddable":true,"href":"https:\/\/vaeter-und-karriere.de\/blog\/index.php\/wp-json\/wp\/v2\/categories?post=1250"},{"taxonomy":"post_tag","embeddable":true,"href":"https:\/\/vaeter-und-karriere.de\/blog\/index.php\/wp-json\/wp\/v2\/tags?post=1250"}],"curies":[{"name":"wp","href":"https:\/\/api.w.org\/{rel}","templated":true}]}}