{"id":124,"date":"2006-10-04T21:18:44","date_gmt":"2006-10-04T19:18:44","guid":{"rendered":"http:\/\/vaeter-und-karriere.de\/blog\/index.php\/2006\/10\/04\/das-geheimnis-des-mannes\/"},"modified":"2006-10-04T21:21:20","modified_gmt":"2006-10-04T19:21:20","slug":"das-geheimnis-des-mannes","status":"publish","type":"post","link":"https:\/\/vaeter-und-karriere.de\/blog\/index.php\/2006\/10\/04\/das-geheimnis-des-mannes\/","title":{"rendered":"Das Geheimnis des Mannes &#8230;"},"content":{"rendered":"<p><span style=\"font-size: 10pt; font-family: Verdana\">&#8230; versucht l\u00e4ngst nicht nur seine Partnerin zu ergr\u00fcnden.<\/span><\/p>\n<p style=\"margin: 6pt 0cm 0.0001pt\"><span style=\"font-size: 10pt; font-family: Verdana\">Wie die <a target=\"_blank\" href=\"http:\/\/www.wams.de\">Welt am Sonntag<\/a> in ihrer letzten <a target=\"_blank\" href=\"http:\/\/www.welt.de\/data\/2006\/10\/01\/1056395.html\">Ausgabe<\/a> berichtete legen &#8218;Marktforscher und Produktentwickler jedes Jahr aufs Neue, ihr Ohr an die Seele des Mannes um auf diese Weise zu erfahren, welche G\u00fcter zum Gl\u00fcck des m\u00e4nnlichen K\u00e4ufers fehlen. <a target=\"_blank\" href=\"http:\/\/www.dyson.de\/\">Ein Mann und ein Staubsauger<\/a>? Vor Jahren w\u00e4re so etwas undenkbar gewesen. Aber die Identit\u00e4t der M\u00e4nner hat sich ver\u00e4ndert: &#8222;Die klassische Kategorisierung nach Alter, Einkommen, Geschlecht funktioniert nicht mehr&#8220;, hei\u00dft es etwa in der deutschen Vertretung des holl\u00e4ndischen Konzerns <a target=\"_blank\" href=\"http:\/\/www.consumer.philips.com\/consumer\/catalog\/product.jsp?language=de&#038;country=DE&#038;catalogType=CONSUMER&#038;productId=TT2021_30_DE_CONSUMER\">Philips<\/a>. Oder, wie es Uli Veigel, Chef der <a target=\"_blank\" href=\"http:\/\/www.grey.de\/\">Werbeagentur Grey<\/a> in Deutschland, ausdr\u00fcckt: &#8222;Die Zielgruppe Mann ist extrem fraktal geworden und mit herk\u00f6mmlichen Zielgruppentypologien kaum noch zu beschreiben.&#8220; <\/span><\/p>\n<p style=\"margin: 6pt 0cm 0.0001pt\"><span style=\"font-size: 10pt; font-family: Verdana\">Schon seit einiger Zeit nehmen allen voran Kosmetik- und Modeunternehmen neben dem traditionellen Br\u00f6tchen verdienenden, alles Weibliche f\u00fcrchtenden Mannsbild zunehmend den &#8222;<a target=\"_blank\" href=\"http:\/\/de.wikipedia.org\/wiki\/Metrosexualit%C3%A4t\">Metrosexuellen<\/a>&#8220; ins Visier: M\u00e4nner vom Schlag des Schauspielers <a target=\"_blank\" href=\"http:\/\/de.wikipedia.org\/wiki\/Brad_Pitt\">Brad Pitt<\/a>, Narzissten, die ihr \u00c4u\u00dferes stilisieren, Unsummen von Geld in Kosmetik und Kleidung stecken und alles tun, um das Feminine in sich nach au\u00dfen zu kehren. <\/span><\/p>\n<p><span style=\"font-size: 10pt; font-family: Verdana\">M\u00e4nner vom alten Schlag m\u00f6gen die K\u00f6pfe sch\u00fctteln, f\u00fcr Firmen wie Beiersdorf oder Philips birgt der maskuline K\u00f6rperkult erkleckliches Potenzial: 15 Prozent wuchs der Markt f\u00fcr M\u00e4nnerpflege der Unternehmensberatung <a target=\"_blank\" href=\"http:\/\/www.acnielsen.de\/site\/index.shtml\">AC Nielsen<\/a> zufolge zwischen 2000 und 2005. Konnte die Beiersdorf-Marke Nivea 1980 mit einem einzigen M\u00e4nnerpflegeprodukt aufwarten, ist das Sortiment inzwischen auf mehr als 20 angewachsen, selbst ein Mann mit empfindlicher Haut findet was.&#8216; In diesem Jahr hat &#8222;Nivea for Men&#8220; sogar den eigens f\u00fcr M\u00e4nnerpflege Produkte ausgelobten Preis <a target=\"_blank\" href=\"http:\/\/www.beiersdorf.de\/Area-Press\/Latest-News.aspx?l=1&#038;id=1418\">\u201eMAXIM Grooming Award\u201c<\/a> gewonnen.<\/span><\/p>\n<p><span style=\"font-size: 10pt; font-family: Verdana\">Das Thema spielt sogar schon im wissenschaftlichen Handelsmarketing eine Rolle. Die \u00d6sterreicherin Hilde Ullram hat ihre Abschlussarbeit dem Thema  <em><a target=\"_blank\" href=\"http:\/\/vaeter-und-karriere.de\/blog\/www.fh-wien.ac.at\/campus\/data\/Maennerpflege.doc\">\u201eM\u00e4nnermarketing im Markt f\u00fcr Pflegeprodukte\u201c<\/a> gewidmet und kommt darin unter anderem zu dem Ergebnis, &#8218;<\/em>Die Untersuchung des Pflegeverhaltens von 250 M\u00e4nnern ergab vier von einander klar differente M\u00e4nnertypen mit unterschiedlichem Marktbearbeitungspotenzial. Die vier Typen unterscheiden sich voneinander signifikant in ihren Werten, ihrem Pflegeverhalten, ihrem Kaufverhalten, ihrer Freizeitgestaltung sowie der Mediennutzung: der soziale Karrieretyp mit einem Anteil von 22%, der Ambivalente mit einem Anteil von 31%, der freizeitorientierte Einzelg\u00e4nger mit einem Anteil von 4% und der soziale Familientyp mit einem Anteil von 43%.&#8216;<\/span><\/p>\n<p><span style=\"font-size: 10pt; font-family: Verdana\">Etwas davon ist, nach Ansicht der &#8218;Welt&#8216; bereits in den Unternehmen angekommen: &#8218;Zumindest ein Bed\u00fcrfnis heutiger M\u00e4nner ist &#8211; anders als etwa die des Familienvaters &#8211; bereits st\u00e4rker in die Entwicklungsabteilungen der Unternehmen vorgedrungen. Das Hightech-Faible des &#8222;modernen Mannes&#8220; &#8211; ein Technikfreak, der gern online shoppt und meist auch \u00fcber das n\u00f6tige Kleingeld f\u00fcr seine Konsumfreuden verf\u00fcgt.&#8216;<\/span><\/p>\n","protected":false},"excerpt":{"rendered":"<p>&#8230; versucht l\u00e4ngst nicht nur seine Partnerin zu ergr\u00fcnden. Wie die Welt am Sonntag in ihrer letzten Ausgabe berichtete legen &#8218;Marktforscher und Produktentwickler jedes Jahr aufs Neue, ihr Ohr an die Seele des Mannes um auf diese Weise zu erfahren, welche G\u00fcter zum Gl\u00fcck des m\u00e4nnlichen K\u00e4ufers fehlen. Ein Mann und ein Staubsauger? Vor Jahren [&hellip;]<\/p>\n","protected":false},"author":1,"featured_media":0,"comment_status":"open","ping_status":"open","sticky":false,"template":"","format":"standard","meta":[],"categories":[21,9],"tags":[],"_links":{"self":[{"href":"https:\/\/vaeter-und-karriere.de\/blog\/index.php\/wp-json\/wp\/v2\/posts\/124"}],"collection":[{"href":"https:\/\/vaeter-und-karriere.de\/blog\/index.php\/wp-json\/wp\/v2\/posts"}],"about":[{"href":"https:\/\/vaeter-und-karriere.de\/blog\/index.php\/wp-json\/wp\/v2\/types\/post"}],"author":[{"embeddable":true,"href":"https:\/\/vaeter-und-karriere.de\/blog\/index.php\/wp-json\/wp\/v2\/users\/1"}],"replies":[{"embeddable":true,"href":"https:\/\/vaeter-und-karriere.de\/blog\/index.php\/wp-json\/wp\/v2\/comments?post=124"}],"version-history":[{"count":0,"href":"https:\/\/vaeter-und-karriere.de\/blog\/index.php\/wp-json\/wp\/v2\/posts\/124\/revisions"}],"wp:attachment":[{"href":"https:\/\/vaeter-und-karriere.de\/blog\/index.php\/wp-json\/wp\/v2\/media?parent=124"}],"wp:term":[{"taxonomy":"category","embeddable":true,"href":"https:\/\/vaeter-und-karriere.de\/blog\/index.php\/wp-json\/wp\/v2\/categories?post=124"},{"taxonomy":"post_tag","embeddable":true,"href":"https:\/\/vaeter-und-karriere.de\/blog\/index.php\/wp-json\/wp\/v2\/tags?post=124"}],"curies":[{"name":"wp","href":"https:\/\/api.w.org\/{rel}","templated":true}]}}