{"id":1143,"date":"2008-11-22T21:31:41","date_gmt":"2008-11-22T20:31:41","guid":{"rendered":"http:\/\/vaeter-und-karriere.de\/blog\/?p=1143"},"modified":"2008-11-22T21:36:19","modified_gmt":"2008-11-22T20:36:19","slug":"zusammen-wachsen-vater-und-ihre-kinder-2","status":"publish","type":"post","link":"https:\/\/vaeter-und-karriere.de\/blog\/index.php\/2008\/11\/22\/zusammen-wachsen-vater-und-ihre-kinder-2\/","title":{"rendered":"ZUSAMMEN WACHSEN &#8211; V\u00e4ter und ihre Kinder"},"content":{"rendered":"<p class=\"MsoNormal\" style=\"margin-top: 6pt;\"><!--[if gte mso 9]><xml> <w:WordDocument> <w:View>Normal<\/w:View> <w:Zoom>0<\/w:Zoom> <w:HyphenationZone>21<\/w:HyphenationZone> <w:PunctuationKerning \/> <w:ValidateAgainstSchemas \/> <w:SaveIfXMLInvalid>false<\/w:SaveIfXMLInvalid> <w:IgnoreMixedContent>false<\/w:IgnoreMixedContent> <w:AlwaysShowPlaceholderText>false<\/w:AlwaysShowPlaceholderText> <w:Compatibility> <w:BreakWrappedTables \/> <w:SnapToGridInCell \/> <w:WrapTextWithPunct \/> <w:UseAsianBreakRules \/> <w:DontGrowAutofit \/> <\/w:Compatibility> <w:BrowserLevel>MicrosoftInternetExplorer4<\/w:BrowserLevel> <\/w:WordDocument> <\/xml><![endif]--><!--[if gte mso 9]><xml> <w:LatentStyles DefLockedState=\"false\" LatentStyleCount=\"156\"> <\/w:LatentStyles> <\/xml><![endif]--> <span style=\"font-size: 10pt; font-family: Verdana;\">Ein Vater-Kind-Kalender f\u00fcr 2009 und eine Ausstellung.<\/span><\/p>\n<p class=\"MsoNormal\" style=\"margin-top: 6pt;\"><a href=\"http:\/\/vaeter-und-karriere.de\/blog\/wp-content\/uploads\/2008\/11\/vaterkalender_2009.jpg\"><img class=\"alignleft size-medium wp-image-1144\" title=\"vaterkalender_2009\" src=\"http:\/\/vaeter-und-karriere.de\/blog\/wp-content\/uploads\/2008\/11\/vaterkalender_2009.jpg\" alt=\"\" \/><\/a><span style=\"font-size: 10pt; font-family: Verdana;\">Am 22.11.2008 erscheint ein Kalender, der mittlerweile im 4. Jahr die Thematik \u201eV\u00e4ter und ihre Kinder\u201c in Bildern dokumentiert. Der Kalender wird durch eine Foto-Wanderausstellung begleitet.<\/span><\/p>\n<p class=\"MsoNormal\" style=\"margin-top: 6pt;\"><span style=\"font-size: 10pt; font-family: Verdana;\">Das Vater-Kind-Kalender-Projekt 2009 m\u00f6chte mit dem Kalender zeigen, dass Vater-Kind-Gespanne ebenso nat\u00fcrlich sch\u00f6n aussehen k\u00f6nnen, wie das bei M\u00fcttern und ihren Kindern der Fall ist.<\/span><\/p>\n<p class=\"MsoNormal\" style=\"margin-top: 6pt;\"><span style=\"font-size: 10pt; font-family: Verdana;\">Dreizehn Vater-Kind-Paare wurden daf\u00fcr von Fotografen, M\u00fcttern und Freunden der Abgelichteten fotografiert. Die aussagekr\u00e4ftigsten Bilder finden sich nun wieder in Form eines Kalenders f\u00fcr das Jahr 2009 zusammen. <\/span><\/p>\n<p class=\"MsoNormal\" style=\"margin-top: 6pt;\"><span style=\"font-size: 10pt; font-family: Verdana;\">Ausgangspunkt f\u00fcr das Kalenderprojekt ist der gesellschaftliche Wandel, der dazu f\u00fchrt, dass M\u00e4nner ihre Vaterrolle zunehmend st\u00e4rker wahrnehmen wollen \u2013 und k\u00f6nnen!<\/span><\/p>\n<p class=\"MsoNormal\" style=\"margin-top: 6pt;\"><span style=\"font-size: 10pt; font-family: Verdana;\">Der aktive, partnerschaftliche Vater ist demzufolge heutzutage l\u00e4ngst keine Ausnahmeerscheinung mehr. V\u00e4ter leisten sich Gef\u00fchlsoffenheit, Weichheit, Z\u00e4rtlichkeit, F\u00fcrsorglichkeit und auch Schw\u00e4che gegen\u00fcber ihren Kindern. V\u00e4ter bev\u00f6lkern Spielpl\u00e4tze, kennen die Kinderkleidergr\u00f6\u00dfen ihres Nachwuchses, gehen zum Babyschwimmen, zu PEKiP-Kursen und verbringen ihre freie Zeit immer \u00f6fter und gerne mit ihren Kindern.<\/span><\/p>\n<p class=\"MsoNormal\" style=\"margin-top: 6pt;\"><span style=\"font-size: 10pt; font-family: Verdana;\">Der Kalender versucht das Sch\u00f6ne, Wichtige und Bindende einer Vater-Kind-Beziehung bildhaft ausdr\u00fccken. Als Erg\u00e4nzung ist jede Fotografie mit einem Kommentar beziehungsweise pers\u00f6nlichen Text des jeweiligen Vaters<span> <\/span>versehen. <\/span><\/p>\n<p class=\"MsoNormal\" style=\"margin-top: 6pt;\"><span style=\"font-size: 10pt; font-family: Verdana;\">Am Samstag, den 22.11. findet um 17 Uhr die Kalenderver\u00f6ffentlichung und Ausstellungser\u00f6ffnung in den R\u00e4umen von <a href=\"http:\/\/www.wortraum-berlin.de\" target=\"_blank\">wortraum<\/a> in der G\u00f6rschstra\u00dfe 12 statt. Der Eintritt ist frei und Kinder sind herzlich willkommen!<\/span><\/p>\n<p class=\"MsoNormal\" style=\"margin-top: 6pt;\"><span style=\"font-size: 10pt; font-family: Verdana;\">Bestellen k\u00f6nnen Sie den Kalender <a href=\"http:\/\/www.wortraum-berlin.de\/show\/56845.html\" target=\"_blank\">hier<\/a>.<br \/>\n<\/span><\/p>\n","protected":false},"excerpt":{"rendered":"<p>Ein Vater-Kind-Kalender f\u00fcr 2009 und eine Ausstellung. Am 22.11.2008 erscheint ein Kalender, der mittlerweile im 4. Jahr die Thematik \u201eV\u00e4ter und ihre Kinder\u201c in Bildern dokumentiert. Der Kalender wird durch eine Foto-Wanderausstellung begleitet. Das Vater-Kind-Kalender-Projekt 2009 m\u00f6chte mit dem Kalender zeigen, dass Vater-Kind-Gespanne ebenso nat\u00fcrlich sch\u00f6n aussehen k\u00f6nnen, wie das bei M\u00fcttern und ihren Kindern [&hellip;]<\/p>\n","protected":false},"author":1,"featured_media":0,"comment_status":"open","ping_status":"open","sticky":false,"template":"","format":"standard","meta":[],"categories":[43],"tags":[272],"_links":{"self":[{"href":"https:\/\/vaeter-und-karriere.de\/blog\/index.php\/wp-json\/wp\/v2\/posts\/1143"}],"collection":[{"href":"https:\/\/vaeter-und-karriere.de\/blog\/index.php\/wp-json\/wp\/v2\/posts"}],"about":[{"href":"https:\/\/vaeter-und-karriere.de\/blog\/index.php\/wp-json\/wp\/v2\/types\/post"}],"author":[{"embeddable":true,"href":"https:\/\/vaeter-und-karriere.de\/blog\/index.php\/wp-json\/wp\/v2\/users\/1"}],"replies":[{"embeddable":true,"href":"https:\/\/vaeter-und-karriere.de\/blog\/index.php\/wp-json\/wp\/v2\/comments?post=1143"}],"version-history":[{"count":2,"href":"https:\/\/vaeter-und-karriere.de\/blog\/index.php\/wp-json\/wp\/v2\/posts\/1143\/revisions"}],"predecessor-version":[{"id":1146,"href":"https:\/\/vaeter-und-karriere.de\/blog\/index.php\/wp-json\/wp\/v2\/posts\/1143\/revisions\/1146"}],"wp:attachment":[{"href":"https:\/\/vaeter-und-karriere.de\/blog\/index.php\/wp-json\/wp\/v2\/media?parent=1143"}],"wp:term":[{"taxonomy":"category","embeddable":true,"href":"https:\/\/vaeter-und-karriere.de\/blog\/index.php\/wp-json\/wp\/v2\/categories?post=1143"},{"taxonomy":"post_tag","embeddable":true,"href":"https:\/\/vaeter-und-karriere.de\/blog\/index.php\/wp-json\/wp\/v2\/tags?post=1143"}],"curies":[{"name":"wp","href":"https:\/\/api.w.org\/{rel}","templated":true}]}}