{"id":1121,"date":"2008-11-16T22:04:08","date_gmt":"2008-11-16T21:04:08","guid":{"rendered":"http:\/\/vaeter-und-karriere.de\/blog\/?p=1121"},"modified":"2008-11-17T22:25:13","modified_gmt":"2008-11-17T21:25:13","slug":"bedeutung-familiarer-manner-fur-haushaltsfuhrung-nimmt-zu","status":"publish","type":"post","link":"https:\/\/vaeter-und-karriere.de\/blog\/index.php\/2008\/11\/16\/bedeutung-familiarer-manner-fur-haushaltsfuhrung-nimmt-zu\/","title":{"rendered":"Die Handtaschen der M\u00e4nner und andere brachliegende Ressourcen"},"content":{"rendered":"<p><span style=\"font-size: 10pt; font-family: Verdana;\">Es gab sie schon immer &#8211; doch seit der Neuregelung der Elternzeit im Januar 2007 hat die Zahl der V\u00e4ter am Sandkasten zugenommen: Eineinhalb Jahre nach Einf\u00fchrung der bezahlten Auszeit im Sinne der Familie haben bundesweit 103.000 V\u00e4ter Elterngeld beantragt. <\/span><\/p>\n<p class=\"MsoNormal\" style=\"margin-top: 6pt;\"><span style=\"font-size: 10pt; font-family: Verdana;\">Der &#8222;Famili\u00e4re Mann&#8220; liegt also voll im Trend und seine Rolle als Versorger, Haushaltsf\u00fchrender und f\u00fcrsorglicher Aufpasser ger\u00e4t damit immer st\u00e4rker auch in den Fokus werbungtreibender Unternehmen. <a href=\"http:\/\/www.sevenonemedia.de\" target=\"_blank\">SevenOne Media<\/a>, die Forschungs- und Werbetochter der ProSiebenSat.1 Group, hat diese Zielgruppe in einer Semiometrie-Analyse genauer unter die Lupe genommen. <\/span><\/p>\n<p class=\"MsoNormal\" style=\"margin-top: 6pt;\"><span style=\"font-size: 10pt; font-family: Verdana;\">Anhand verschiedener Statements rund um die Themen Familie, Kindern und Beruf wurde die Gruppe der &#8222;Famili\u00e4ren M\u00e4nner&#8220; definiert. Schon jetzt geh\u00f6ren 24,1 % der m\u00e4nnlichen Bev\u00f6lkerung Deutschlands dazu. <\/span><\/p>\n<p class=\"MsoNormal\" style=\"margin-top: 6pt;\"><span style=\"font-size: 10pt; font-family: Verdana;\">Ein Kernergebnis der Untersuchung: Typisch m\u00e4nnliche Wertehaltungen wie kritisch, dominant oder k\u00e4mpferisch zu sein, werden von den &#8222;Famili\u00e4ren M\u00e4nnern&#8220; im Vergleich zu ihren Geschlechtsgenossen abgelehnt. Dementsprechend haben sie beruflich gesehen &#8211; zumindest was das Netto-Einkommen angeht &#8211; das Nachsehen: Sie verdienen deutlich weniger als die M\u00e4nner in der Gesamtbev\u00f6lkerung. Mit Unterscheidungsmerkmalen wie Alter oder Bildung ist den famili\u00e4ren M\u00e4nnern dagegen kaum beizukommen: Die prozentuale Verteilung bei diesen Parametern entspricht nahezu den Werten der M\u00e4nner in der Gesamtbev\u00f6lkerung (ab 14 Jahren) &#8211; sie sind \u00fcber alle Gruppen hinweg vertreten. <\/span><\/p>\n<p class=\"MsoNormal\" style=\"margin-top: 6pt;\"><span style=\"font-size: 10pt; font-family: Verdana;\">Die Konsumfreude der &#8222;Famili\u00e4ren M\u00e4nner&#8220; ist stark ausgepr\u00e4gt &#8211; deutlich st\u00e4rker als beim Rest der m\u00e4nnlichen Bev\u00f6lkerung. Gleichzeitig manifestiert sich die famili\u00e4re Grundhaltung der untersuchten Zielgruppe in einem ausgepr\u00e4gten Verantwortungsbewusstsein was das Einkaufsverhalten angeht: Sowohl Preisorientierung als auch eine sorgf\u00e4ltige Auswahl und hohe Markentreue zeichnen den &#8222;Famili\u00e4ren Mann&#8220; aus. Gehobene Anspr\u00fcche sowie ein gewisser Hang zum Genuss runden das Bild des sorgf\u00e4ltigen, im Sinne seiner Familie handelnden Mannes ab. <\/span><\/p>\n<p class=\"MsoNormal\" style=\"margin-top: 6pt;\"><span style=\"font-size: 10pt; font-family: Verdana;\">Die kompletten Ergebnisse dieses TrendReports M\u00e4nner stehen zum <a href=\"http:\/\/www.sevenonemedia.de\/research\/marktanalyse\/branchen\/trendreport\/news4\/index.php \" target=\"_blank\">Download<\/a> zur Verf\u00fcgung. <\/span><\/p>\n<p class=\"MsoNormal\" style=\"margin-top: 6pt;\"><a href=\"http:\/\/www.presseportal.de\/pm\/42713\/1302764\/sevenone_media_gmbh\" target=\"_blank\"><span style=\"font-size: 10pt; font-family: Verdana;\">Quelle<\/span><\/a><\/p>\n","protected":false},"excerpt":{"rendered":"<p>Es gab sie schon immer &#8211; doch seit der Neuregelung der Elternzeit im Januar 2007 hat die Zahl der V\u00e4ter am Sandkasten zugenommen: Eineinhalb Jahre nach Einf\u00fchrung der bezahlten Auszeit im Sinne der Familie haben bundesweit 103.000 V\u00e4ter Elterngeld beantragt. Der &#8222;Famili\u00e4re Mann&#8220; liegt also voll im Trend und seine Rolle als Versorger, Haushaltsf\u00fchrender und [&hellip;]<\/p>\n","protected":false},"author":1,"featured_media":0,"comment_status":"open","ping_status":"open","sticky":false,"template":"","format":"standard","meta":[],"categories":[43,33,9],"tags":[149],"_links":{"self":[{"href":"https:\/\/vaeter-und-karriere.de\/blog\/index.php\/wp-json\/wp\/v2\/posts\/1121"}],"collection":[{"href":"https:\/\/vaeter-und-karriere.de\/blog\/index.php\/wp-json\/wp\/v2\/posts"}],"about":[{"href":"https:\/\/vaeter-und-karriere.de\/blog\/index.php\/wp-json\/wp\/v2\/types\/post"}],"author":[{"embeddable":true,"href":"https:\/\/vaeter-und-karriere.de\/blog\/index.php\/wp-json\/wp\/v2\/users\/1"}],"replies":[{"embeddable":true,"href":"https:\/\/vaeter-und-karriere.de\/blog\/index.php\/wp-json\/wp\/v2\/comments?post=1121"}],"version-history":[{"count":4,"href":"https:\/\/vaeter-und-karriere.de\/blog\/index.php\/wp-json\/wp\/v2\/posts\/1121\/revisions"}],"predecessor-version":[{"id":1123,"href":"https:\/\/vaeter-und-karriere.de\/blog\/index.php\/wp-json\/wp\/v2\/posts\/1121\/revisions\/1123"}],"wp:attachment":[{"href":"https:\/\/vaeter-und-karriere.de\/blog\/index.php\/wp-json\/wp\/v2\/media?parent=1121"}],"wp:term":[{"taxonomy":"category","embeddable":true,"href":"https:\/\/vaeter-und-karriere.de\/blog\/index.php\/wp-json\/wp\/v2\/categories?post=1121"},{"taxonomy":"post_tag","embeddable":true,"href":"https:\/\/vaeter-und-karriere.de\/blog\/index.php\/wp-json\/wp\/v2\/tags?post=1121"}],"curies":[{"name":"wp","href":"https:\/\/api.w.org\/{rel}","templated":true}]}}