{"id":10798,"date":"2025-09-30T10:45:26","date_gmt":"2025-09-30T08:45:26","guid":{"rendered":"https:\/\/vaeter-und-karriere.de\/blog\/?p=10798"},"modified":"2025-09-30T10:45:26","modified_gmt":"2025-09-30T08:45:26","slug":"fachtag-jugendliche-vaeter-im-blick-2025-praxisbeispiele-erfolge-und-zukunftssicherung","status":"publish","type":"post","link":"https:\/\/vaeter-und-karriere.de\/blog\/index.php\/2025\/09\/30\/fachtag-jugendliche-vaeter-im-blick-2025-praxisbeispiele-erfolge-und-zukunftssicherung\/","title":{"rendered":"Fachtag Jugendliche V\u00e4ter im Blick 2025 \u2013 Praxisbeispiele, Erfolge und Zukunftssicherung"},"content":{"rendered":"<p>Am 6. November 2025 findet am Campus M\u00f6nchengladbach der Hochschule Niederrhein der Fachtag \u201aJugendliche V\u00e4ter im Blick 2025 \u2013 Praxisbeispiele, Erfolge und Zukunftssicherung\u2018 statt.<\/p>\n<p>Nach vier Jahren Projektarbeit werden gemeinsam mit Fachkr\u00e4ften und Studierenden aus Sozialer Arbeit Erkenntnisse ausgewertet, Best\u2011Practice\u2011Modelle diskutiert und Zukunftsperspektiven f\u00fcr die Arbeit mit jugendlichen V\u00e4tern entworfen.<\/p>\n<p>Teilnehmende k\u00f6nnen sich auf Impulse aus Wissenschaft und Praxis, interaktive Workshops sowie eine Podiumsdiskussion \u00fcber die n\u00e4chsten Schritte zur Weiterfinanzierung des Projektes freuen. F\u00fcr das leibliches Wohl ist ebenfalls gesorgt.<\/p>\n<p><img loading=\"lazy\" class=\"wp-image-10799 alignleft\" src=\"https:\/\/vaeter-und-karriere.de\/blog\/wp-content\/uploads\/2025\/09\/pexels-pixabay-208189-1024x683.jpg\" alt=\"\" width=\"693\" height=\"462\" srcset=\"https:\/\/vaeter-und-karriere.de\/blog\/wp-content\/uploads\/2025\/09\/pexels-pixabay-208189-1024x683.jpg 1024w, https:\/\/vaeter-und-karriere.de\/blog\/wp-content\/uploads\/2025\/09\/pexels-pixabay-208189-300x200.jpg 300w, https:\/\/vaeter-und-karriere.de\/blog\/wp-content\/uploads\/2025\/09\/pexels-pixabay-208189-768x512.jpg 768w, https:\/\/vaeter-und-karriere.de\/blog\/wp-content\/uploads\/2025\/09\/pexels-pixabay-208189-1536x1024.jpg 1536w, https:\/\/vaeter-und-karriere.de\/blog\/wp-content\/uploads\/2025\/09\/pexels-pixabay-208189-2048x1365.jpg 2048w\" sizes=\"(max-width: 693px) 100vw, 693px\" \/><\/p>\n<p><strong>Programm<\/strong><\/p>\n<p><strong>10:00 Ankommen\/ Kaffee<\/strong><\/p>\n<p><strong>10:30 Begr\u00fc\u00dfung und Einf\u00fchrung<\/strong><\/p>\n<p><strong>11:00 Fachvortrag Hochschule Niederrhein<\/strong> Wie junge V\u00e4ter gesellschaftlich wahrgenommen werden<\/p>\n<p><strong>12:00 Workshops: <\/strong>M\u00e4nnliche Stereotype hinterfragen und \u00fcberwinden | V\u00e4ter \u00fcber Social Media erreichen | V\u00e4ter im Zwangskontext erreichen | Interkulturelle Orientierung in der V\u00e4terarbeit | Politische V\u00e4terarbeit | Aufsuchende V\u00e4terarbeit | Fundraising in der sozialen Arbeit | V\u00e4ter als Zielgruppe in den Sozialwissenschaften<\/p>\n<p><strong>13:00 Mittagspause<\/strong><\/p>\n<p><strong>14:00 Fachvortrag Christoph D\u00fcring <\/strong>Berichte aus der Praxis \u2013 Best Practice<\/p>\n<p><strong>15:00 Podiumsdiskussion \u201eWie geht es weiter?\u201c <\/strong>Politik (<strong>Heidi Reichinnek<\/strong> zugeschaltet im Livestream) Wissenschaft und Fachleute vor Ort \u00fcber die M\u00f6glichkeiten von Weiterfinanzierung<\/p>\n<p><strong>15:45 Verabschiedung<\/strong><\/p>\n<p>Anmeldung unter <a href=\"https:\/\/jugendlichevaeter.de\/fachtag-6-11-25\/\">https:\/\/jugendlichevaeter.de\/fachtag-6-11-25\/<\/a><\/p>\n","protected":false},"excerpt":{"rendered":"<p>Am 6. November 2025 findet am Campus M\u00f6nchengladbach der Hochschule Niederrhein der Fachtag \u201aJugendliche V\u00e4ter im Blick 2025 \u2013 Praxisbeispiele, Erfolge und Zukunftssicherung\u2018 statt. Nach vier Jahren Projektarbeit werden gemeinsam mit Fachkr\u00e4ften und Studierenden aus Sozialer Arbeit Erkenntnisse ausgewertet, Best\u2011Practice\u2011Modelle diskutiert und Zukunftsperspektiven f\u00fcr die Arbeit mit jugendlichen V\u00e4tern entworfen. Teilnehmende k\u00f6nnen sich auf Impulse [&hellip;]<\/p>\n","protected":false},"author":1,"featured_media":0,"comment_status":"closed","ping_status":"open","sticky":false,"template":"","format":"standard","meta":[],"categories":[1],"tags":[304,197],"_links":{"self":[{"href":"https:\/\/vaeter-und-karriere.de\/blog\/index.php\/wp-json\/wp\/v2\/posts\/10798"}],"collection":[{"href":"https:\/\/vaeter-und-karriere.de\/blog\/index.php\/wp-json\/wp\/v2\/posts"}],"about":[{"href":"https:\/\/vaeter-und-karriere.de\/blog\/index.php\/wp-json\/wp\/v2\/types\/post"}],"author":[{"embeddable":true,"href":"https:\/\/vaeter-und-karriere.de\/blog\/index.php\/wp-json\/wp\/v2\/users\/1"}],"replies":[{"embeddable":true,"href":"https:\/\/vaeter-und-karriere.de\/blog\/index.php\/wp-json\/wp\/v2\/comments?post=10798"}],"version-history":[{"count":1,"href":"https:\/\/vaeter-und-karriere.de\/blog\/index.php\/wp-json\/wp\/v2\/posts\/10798\/revisions"}],"predecessor-version":[{"id":10800,"href":"https:\/\/vaeter-und-karriere.de\/blog\/index.php\/wp-json\/wp\/v2\/posts\/10798\/revisions\/10800"}],"wp:attachment":[{"href":"https:\/\/vaeter-und-karriere.de\/blog\/index.php\/wp-json\/wp\/v2\/media?parent=10798"}],"wp:term":[{"taxonomy":"category","embeddable":true,"href":"https:\/\/vaeter-und-karriere.de\/blog\/index.php\/wp-json\/wp\/v2\/categories?post=10798"},{"taxonomy":"post_tag","embeddable":true,"href":"https:\/\/vaeter-und-karriere.de\/blog\/index.php\/wp-json\/wp\/v2\/tags?post=10798"}],"curies":[{"name":"wp","href":"https:\/\/api.w.org\/{rel}","templated":true}]}}